{"id":3474,"date":"2026-04-28T14:03:14","date_gmt":"2026-04-28T14:03:14","guid":{"rendered":"https:\/\/fmlibertadfeliciano.com.ar\/?p=3474"},"modified":"2026-04-28T14:03:14","modified_gmt":"2026-04-28T14:03:14","slug":"se-presentara-una-publicacion-sobre-la-conservacion-de-especies-animales-nativas","status":"publish","type":"post","link":"https:\/\/fmlibertadfeliciano.com.ar\/?p=3474","title":{"rendered":"Se presentar\u00e1 una publicaci\u00f3n sobre la conservaci\u00f3n de especies animales nativas"},"content":{"rendered":"<p>\u200b\u00a0<\/p>\n<p>\u200b\u00a0<\/p>\n<p>\u200b<img loading=\"lazy\" decoding=\"async\" width=\"300\" height=\"200\" src=\"https:\/\/www.eldiario.com.ar\/wp-content\/uploads\/2026\/04\/image-59-20x13.jpeg\" class=\"webfeedsFeaturedVisual jl-lazyload lazyload wp-post-image\" alt=\"\" data-src=\"https:\/\/www.eldiario.com.ar\/wp-content\/uploads\/2026\/04\/image-59-300x200.jpeg\" \/><\/p>\n<hr class=\"wp-block-separator has-alpha-channel-opacity\" \/>\n<p>La Secretar\u00eda de Cultura de Entre R\u00edos invita a la presentaci\u00f3n del nuevo Libro Rojo de los Mam\u00edferos de Argentina, una publicaci\u00f3n clave para el conocimiento y la conservaci\u00f3n de la biodiversidad. Ser\u00e1 este mi\u00e9rcoles 29, a las 17, en el Museo Antonio Serrano (Gardel 62, Paran\u00e1). Est\u00e1 dirigida al p\u00fablico en general, con entrada libre y gratuita.<\/p>\n<figure class=\"wp-block-image size-large\"><img loading=\"lazy\" decoding=\"async\" width=\"1024\" height=\"683\" src=\"https:\/\/www.eldiario.com.ar\/wp-content\/uploads\/2026\/04\/image-59-1024x683.jpeg\" alt=\"\" class=\"wp-image-484021\" \/><\/figure>\n<p><a href=\"https:\/\/web.whatsapp.com\/send?text=Se%20presentar%C3%A1%20una%20publicaci%C3%B3n%20sobre%20la%20conservaci%C3%B3n%20de%20especies%20animales%20nativas%20%20%20-%20https%3A%2F%2Fportal.entrerios.gov.ar%2Fnoticias%2F77026\" target=\"_blank\" rel=\"noreferrer noopener\"><\/a><a href=\"https:\/\/twitter.com\/intent\/tweet?text=Se%20presentar%C3%A1%20una%20publicaci%C3%B3n%20sobre%20la%20conservaci%C3%B3n%20de%20especies%20animales%20nativas%20&amp;url=https%3A%2F%2Fportal.entrerios.gov.ar%2Fnoticias%2F77026\" target=\"_blank\" rel=\"noreferrer noopener\"><\/a><a href=\"https:\/\/www.facebook.com\/sharer\/sharer.php?u=https:\/\/portal.entrerios.gov.ar\/noticias\/77026\" target=\"_blank\" rel=\"noreferrer noopener\"><\/a><\/p>\n<p>La actividad estar\u00e1 a cargo del Dr. Javier Pereira, investigador del Conicet y miembro de la Comisi\u00f3n Directiva de la Sociedad Argentina para el Estudio de Mam\u00edferos (Sarem), instituci\u00f3n que coordin\u00f3 esta nueva edici\u00f3n.<\/p>\n<p>La actualizaci\u00f3n 2025 del Libro Rojo, presentada a comienzos de 2026, constituye una de las evaluaciones m\u00e1s amplias realizadas en el pa\u00eds, donde se analiza el estado de conservaci\u00f3n de 417 especies nativas con la participaci\u00f3n de m\u00e1s de 450 especialistas de distintas disciplinas. El informe advierte un incremento en el riesgo de extinci\u00f3n en grupos como peque\u00f1os felinos, roedores cavadores y especies de la regi\u00f3n patag\u00f3nica, y constituye una herramienta fundamental para orientar pol\u00edticas p\u00fablicas y estrategias de conservaci\u00f3n a nivel nacional.<\/p>\n<p>Durante el encuentro se compartir\u00e1n los principales aportes de esta nueva publicaci\u00f3n, su metodolog\u00eda y los desaf\u00edos actuales en torno a la protecci\u00f3n de especies de mam\u00edferos en Argentina.<\/p>\n<p>\u00a0La Secretar\u00eda de Cultura de Entre R\u00edos invita a la presentaci\u00f3n del nuevo Libro Rojo de los Mam\u00edferos de Argentina, una publicaci\u00f3n clave para el conocimiento y la conservaci\u00f3n de la biodiversidad. Ser\u00e1 este mi\u00e9rcoles 29, a las 17, en el Museo Antonio Serrano (Gardel 62, Paran\u00e1). Est\u00e1 dirigida al p\u00fablico en general, con entrada<\/p>","protected":false},"excerpt":{"rendered":"<div class=\"mh-excerpt\"><p>\u200b\u00a0 \u200b\u00a0 \u200b La Secretar\u00eda de Cultura de Entre R\u00edos invita a la presentaci\u00f3n del nuevo Libro Rojo de los Mam\u00edferos de Argentina, una publicaci\u00f3n <a class=\"mh-excerpt-more\" href=\"https:\/\/fmlibertadfeliciano.com.ar\/?p=3474\" title=\"Se presentar\u00e1 una publicaci\u00f3n sobre la conservaci\u00f3n de especies animales nativas\">[&#8230;]<\/a><\/p>\n<\/div>","protected":false},"author":1,"featured_media":3475,"comment_status":"open","ping_status":"open","sticky":false,"template":"","format":"standard","meta":{"footnotes":""},"categories":[1],"tags":[],"class_list":["post-3474","post","type-post","status-publish","format-standard","has-post-thumbnail","hentry","category-sin-categoria"],"_links":{"self":[{"href":"https:\/\/fmlibertadfeliciano.com.ar\/index.php?rest_route=\/wp\/v2\/posts\/3474","targetHints":{"allow":["GET"]}}],"collection":[{"href":"https:\/\/fmlibertadfeliciano.com.ar\/index.php?rest_route=\/wp\/v2\/posts"}],"about":[{"href":"https:\/\/fmlibertadfeliciano.com.ar\/index.php?rest_route=\/wp\/v2\/types\/post"}],"author":[{"embeddable":true,"href":"https:\/\/fmlibertadfeliciano.com.ar\/index.php?rest_route=\/wp\/v2\/users\/1"}],"replies":[{"embeddable":true,"href":"https:\/\/fmlibertadfeliciano.com.ar\/index.php?rest_route=%2Fwp%2Fv2%2Fcomments&post=3474"}],"version-history":[{"count":0,"href":"https:\/\/fmlibertadfeliciano.com.ar\/index.php?rest_route=\/wp\/v2\/posts\/3474\/revisions"}],"wp:featuredmedia":[{"embeddable":true,"href":"https:\/\/fmlibertadfeliciano.com.ar\/index.php?rest_route=\/wp\/v2\/media\/3475"}],"wp:attachment":[{"href":"https:\/\/fmlibertadfeliciano.com.ar\/index.php?rest_route=%2Fwp%2Fv2%2Fmedia&parent=3474"}],"wp:term":[{"taxonomy":"category","embeddable":true,"href":"https:\/\/fmlibertadfeliciano.com.ar\/index.php?rest_route=%2Fwp%2Fv2%2Fcategories&post=3474"},{"taxonomy":"post_tag","embeddable":true,"href":"https:\/\/fmlibertadfeliciano.com.ar\/index.php?rest_route=%2Fwp%2Fv2%2Ftags&post=3474"}],"curies":[{"name":"wp","href":"https:\/\/api.w.org\/{rel}","templated":true}]}}