{"id":3476,"date":"2026-04-28T14:02:35","date_gmt":"2026-04-28T14:02:35","guid":{"rendered":"https:\/\/fmlibertadfeliciano.com.ar\/?p=3476"},"modified":"2026-04-28T14:02:35","modified_gmt":"2026-04-28T14:02:35","slug":"spagnuolo-se-nego-a-declarar-sobre-las-nuevas-maniobras-de-corrupcion-detectadas-en-la-agencia-de-discapacidad","status":"publish","type":"post","link":"https:\/\/fmlibertadfeliciano.com.ar\/?p=3476","title":{"rendered":"Spagnuolo se neg\u00f3 a declarar sobre las nuevas maniobras de corrupci\u00f3n detectadas en la Agencia de Discapacidad"},"content":{"rendered":"<p>\u200b\u00a0<\/p>\n<p>\u200b\u00a0<\/p>\n<p>\u200b<\/p>\n<figure>\n                        <img decoding=\"async\" src=\"https:\/\/apfdigital-s3.cdn.net.ar\/s3i233\/2025\/08\/apfdigital\/images\/02\/24\/37\/2243749_9f8fee3b76c152ab65fba1bb662dfeb84888241374e8c62ddd9b4c3cfd091f96\/md.webp\" alt=\"\" class=\"type:primaryImage\" \/><figcaption><\/figcaption><\/figure>\n<p>\u00a0El ex director de la Agencia Nacional de Discapacidad (ANDIS), Diego Spagnuolo, se neg\u00f3 a declarar este martes en el inicio de la segunda tanda de indagatorias por el presunto esquema de corrupci\u00f3n que se mont\u00f3 en el organismo durante su gesti\u00f3n.<\/p>","protected":false},"excerpt":{"rendered":"<div class=\"mh-excerpt\"><p>\u200b\u00a0 \u200b\u00a0 \u200b \u00a0El ex director de la Agencia Nacional de Discapacidad (ANDIS), Diego Spagnuolo, se neg\u00f3 a declarar este martes en el inicio de <a class=\"mh-excerpt-more\" href=\"https:\/\/fmlibertadfeliciano.com.ar\/?p=3476\" title=\"Spagnuolo se neg\u00f3 a declarar sobre las nuevas maniobras de corrupci\u00f3n detectadas en la Agencia de Discapacidad\">[&#8230;]<\/a><\/p>\n<\/div>","protected":false},"author":1,"featured_media":3477,"comment_status":"open","ping_status":"open","sticky":false,"template":"","format":"standard","meta":{"footnotes":""},"categories":[1],"tags":[],"class_list":["post-3476","post","type-post","status-publish","format-standard","has-post-thumbnail","hentry","category-sin-categoria"],"_links":{"self":[{"href":"https:\/\/fmlibertadfeliciano.com.ar\/index.php?rest_route=\/wp\/v2\/posts\/3476","targetHints":{"allow":["GET"]}}],"collection":[{"href":"https:\/\/fmlibertadfeliciano.com.ar\/index.php?rest_route=\/wp\/v2\/posts"}],"about":[{"href":"https:\/\/fmlibertadfeliciano.com.ar\/index.php?rest_route=\/wp\/v2\/types\/post"}],"author":[{"embeddable":true,"href":"https:\/\/fmlibertadfeliciano.com.ar\/index.php?rest_route=\/wp\/v2\/users\/1"}],"replies":[{"embeddable":true,"href":"https:\/\/fmlibertadfeliciano.com.ar\/index.php?rest_route=%2Fwp%2Fv2%2Fcomments&post=3476"}],"version-history":[{"count":0,"href":"https:\/\/fmlibertadfeliciano.com.ar\/index.php?rest_route=\/wp\/v2\/posts\/3476\/revisions"}],"wp:featuredmedia":[{"embeddable":true,"href":"https:\/\/fmlibertadfeliciano.com.ar\/index.php?rest_route=\/wp\/v2\/media\/3477"}],"wp:attachment":[{"href":"https:\/\/fmlibertadfeliciano.com.ar\/index.php?rest_route=%2Fwp%2Fv2%2Fmedia&parent=3476"}],"wp:term":[{"taxonomy":"category","embeddable":true,"href":"https:\/\/fmlibertadfeliciano.com.ar\/index.php?rest_route=%2Fwp%2Fv2%2Fcategories&post=3476"},{"taxonomy":"post_tag","embeddable":true,"href":"https:\/\/fmlibertadfeliciano.com.ar\/index.php?rest_route=%2Fwp%2Fv2%2Ftags&post=3476"}],"curies":[{"name":"wp","href":"https:\/\/api.w.org\/{rel}","templated":true}]}}