{"id":3496,"date":"2026-04-30T14:14:13","date_gmt":"2026-04-30T14:14:13","guid":{"rendered":"https:\/\/fmlibertadfeliciano.com.ar\/?p=3496"},"modified":"2026-04-30T19:16:39","modified_gmt":"2026-04-30T19:16:39","slug":"entre-rios-balearon-a-un-policia-mientras-investigaba-el-robo-de-animales-cerca-de-la-ruta-12","status":"publish","type":"post","link":"https:\/\/fmlibertadfeliciano.com.ar\/?p=3496","title":{"rendered":"Entre R\u00edos: balearon a un polic\u00eda mientras investigaba el robo de animales cerca de la Ruta 12"},"content":{"rendered":"<p>\u200b\u00a0<\/p>\n<p>\u200b\u00a0<\/p>\n<p>\u200b<\/p>\n<p>Un efectivo de la\u00a0<strong>Polic\u00eda de Entre R\u00edos<\/strong>\u00a0result\u00f3 herido de bala a las 5.30 de este jueves mientras participaba de un procedimiento vinculado al\u00a0<strong>robo de animales<\/strong>\u00a0en una zona cercana a la\u00a0<strong>Ruta 12<\/strong>. La Jefatura Departamental La Paz intervino de oficio a ra\u00edz de el hecho ocurrido en zona rural del Ejido Este, a la altura del kil\u00f3metro 599, a unos 200 metros hacia el cardinal Este.<\/p>\n<p>El funcionario recibi\u00f3 un disparo en el\u00a0<strong>brazo izquierdo<\/strong>, lo que le provoc\u00f3 una\u00a0<strong>doble fractura<\/strong>. Seg\u00fan se inform\u00f3, permanece internado, fuera de peligro, a la espera de una evaluaci\u00f3n traumatol\u00f3gica para definir si ser\u00e1 necesaria una intervenci\u00f3n quir\u00fargica.<\/p>\n<h2 class=\"wp-block-heading\">El disparo fue al ingresar a una propiedad<\/h2>\n<p>De acuerdo con la informaci\u00f3n preliminar a la que accedi\u00f3 AHORA, el hecho ocurri\u00f3 cuando el\u00a0<strong>M\u00f3vil 956<\/strong>, a cargo del sargento ayudante\u00a0<strong>Sergio Jalil<\/strong>\u00a0y el cabo primero\u00a0<strong>\u00c1ngel Mesquida<\/strong>, se detuvo en un camino vecinal situado a unos\u00a0<strong>200 metros al este de la Ruta 12<\/strong>.<\/p>\n<p>Los uniformados patrullaban la zona y hab\u00edan llegado hasta una propiedad rural que hab\u00eda sido blanco reciente del\u00a0<strong>robo de corderos<\/strong>.<\/p>\n<p>La situaci\u00f3n se desat\u00f3 cuando Mesquida intent\u00f3 cruzar un cerco de alambre para ingresar al terreno. En ese momento se escucharon\u00a0<strong>dos detonaciones de arma de fuego<\/strong>\u00a0desde el interior del predio y el cabo primero sinti\u00f3 el impacto en su brazo.<\/p>\n<h2 class=\"wp-block-heading\">El polic\u00eda sufri\u00f3 fractura de radio y c\u00fabito<\/h2>\n<p>Tras el ataque, el efectivo fue trasladado de urgencia al centro de salud m\u00e1s cercano. Desde el hospital indicaron que presenta una fractura en dos partes del antebrazo, con compromiso del\u00a0<strong>radio y el c\u00fabito<\/strong>.<\/p>\n<p>Por el momento, resta la confirmaci\u00f3n oficial sobre la localidad exacta en la que ocurri\u00f3 el episodio, mientras avanza la investigaci\u00f3n para identificar a los autores de los disparos.<\/p>\n<p>\u00a0Un efectivo de la\u00a0Polic\u00eda de Entre R\u00edos\u00a0result\u00f3 herido de bala a las 5.30 de este jueves mientras participaba de un procedimiento vinculado al\u00a0robo de animales\u00a0en una zona cercana a la\u00a0Ruta 12. La Jefatura Departamental La Paz intervino de oficio a ra\u00edz de el hecho ocurrido en zona rural del Ejido Este, a la altura del \u2026<\/p>","protected":false},"excerpt":{"rendered":"<div class=\"mh-excerpt\"><p>\u200b\u00a0 \u200b\u00a0 \u200b Un efectivo de la\u00a0Polic\u00eda de Entre R\u00edos\u00a0result\u00f3 herido de bala a las 5.30 de este jueves mientras participaba de un procedimiento vinculado <a class=\"mh-excerpt-more\" href=\"https:\/\/fmlibertadfeliciano.com.ar\/?p=3496\" title=\"Entre R\u00edos: balearon a un polic\u00eda mientras investigaba el robo de animales cerca de la Ruta 12\">[&#8230;]<\/a><\/p>\n<\/div>","protected":false},"author":1,"featured_media":3506,"comment_status":"open","ping_status":"open","sticky":false,"template":"","format":"standard","meta":{"footnotes":""},"categories":[1],"tags":[],"class_list":["post-3496","post","type-post","status-publish","format-standard","has-post-thumbnail","hentry","category-sin-categoria"],"_links":{"self":[{"href":"https:\/\/fmlibertadfeliciano.com.ar\/index.php?rest_route=\/wp\/v2\/posts\/3496","targetHints":{"allow":["GET"]}}],"collection":[{"href":"https:\/\/fmlibertadfeliciano.com.ar\/index.php?rest_route=\/wp\/v2\/posts"}],"about":[{"href":"https:\/\/fmlibertadfeliciano.com.ar\/index.php?rest_route=\/wp\/v2\/types\/post"}],"author":[{"embeddable":true,"href":"https:\/\/fmlibertadfeliciano.com.ar\/index.php?rest_route=\/wp\/v2\/users\/1"}],"replies":[{"embeddable":true,"href":"https:\/\/fmlibertadfeliciano.com.ar\/index.php?rest_route=%2Fwp%2Fv2%2Fcomments&post=3496"}],"version-history":[{"count":1,"href":"https:\/\/fmlibertadfeliciano.com.ar\/index.php?rest_route=\/wp\/v2\/posts\/3496\/revisions"}],"predecessor-version":[{"id":3507,"href":"https:\/\/fmlibertadfeliciano.com.ar\/index.php?rest_route=\/wp\/v2\/posts\/3496\/revisions\/3507"}],"wp:featuredmedia":[{"embeddable":true,"href":"https:\/\/fmlibertadfeliciano.com.ar\/index.php?rest_route=\/wp\/v2\/media\/3506"}],"wp:attachment":[{"href":"https:\/\/fmlibertadfeliciano.com.ar\/index.php?rest_route=%2Fwp%2Fv2%2Fmedia&parent=3496"}],"wp:term":[{"taxonomy":"category","embeddable":true,"href":"https:\/\/fmlibertadfeliciano.com.ar\/index.php?rest_route=%2Fwp%2Fv2%2Fcategories&post=3496"},{"taxonomy":"post_tag","embeddable":true,"href":"https:\/\/fmlibertadfeliciano.com.ar\/index.php?rest_route=%2Fwp%2Fv2%2Ftags&post=3496"}],"curies":[{"name":"wp","href":"https:\/\/api.w.org\/{rel}","templated":true}]}}