{"id":3498,"date":"2026-04-30T13:34:59","date_gmt":"2026-04-30T13:34:59","guid":{"rendered":"https:\/\/fmlibertadfeliciano.com.ar\/?p=3498"},"modified":"2026-04-30T13:34:59","modified_gmt":"2026-04-30T13:34:59","slug":"la-desaprobacion-de-milei-llega-al-63-por-ciento-y-myriam-bregman-es-la-dirigente-con-mejor-imagen","status":"publish","type":"post","link":"https:\/\/fmlibertadfeliciano.com.ar\/?p=3498","title":{"rendered":"La desaprobaci\u00f3n de Milei llega al 63 por ciento y Myriam Bregman es la dirigente con mejor  imagen"},"content":{"rendered":"<p>\u200b\u00a0<\/p>\n<p>\u200b\u00a0<\/p>\n<p>\u200b<\/p>\n<figure>\n                        <img decoding=\"async\" src=\"https:\/\/apfdigital-s3.cdn.net.ar\/s3i233\/2026\/04\/apfdigital\/images\/02\/57\/57\/2575702_9e32de39faef5bb446ae1c9e298669e7d00cceb10ae0b472a7027f5acc679538\/md.webp\" alt=\"\" class=\"type:primaryImage\" \/><figcaption><\/figcaption><\/figure>\n<p>\u00a0La aprobaci\u00f3n de Milei cay\u00f3 en abril a su nivel m\u00e1s bajo desde que asumi\u00f3, seg\u00fan el \u00faltimo informe de Latam Pulse Argentina elaborado en conjunto por la consultora brasile\u00f1a Atlas Intel y la agencia Bloomberg. Una de las sorpresas es que la diputada del FIT, Myriam Bregman es la figura pol\u00edtica con mejor imagen del pa\u00eds con 47% de imagen positiva.<\/p>","protected":false},"excerpt":{"rendered":"<div class=\"mh-excerpt\"><p>\u200b\u00a0 \u200b\u00a0 \u200b \u00a0La aprobaci\u00f3n de Milei cay\u00f3 en abril a su nivel m\u00e1s bajo desde que asumi\u00f3, seg\u00fan el \u00faltimo informe de Latam Pulse <a class=\"mh-excerpt-more\" href=\"https:\/\/fmlibertadfeliciano.com.ar\/?p=3498\" title=\"La desaprobaci\u00f3n de Milei llega al 63 por ciento y Myriam Bregman es la dirigente con mejor  imagen\">[&#8230;]<\/a><\/p>\n<\/div>","protected":false},"author":1,"featured_media":3499,"comment_status":"open","ping_status":"open","sticky":false,"template":"","format":"standard","meta":{"footnotes":""},"categories":[1],"tags":[],"class_list":["post-3498","post","type-post","status-publish","format-standard","has-post-thumbnail","hentry","category-sin-categoria"],"_links":{"self":[{"href":"https:\/\/fmlibertadfeliciano.com.ar\/index.php?rest_route=\/wp\/v2\/posts\/3498","targetHints":{"allow":["GET"]}}],"collection":[{"href":"https:\/\/fmlibertadfeliciano.com.ar\/index.php?rest_route=\/wp\/v2\/posts"}],"about":[{"href":"https:\/\/fmlibertadfeliciano.com.ar\/index.php?rest_route=\/wp\/v2\/types\/post"}],"author":[{"embeddable":true,"href":"https:\/\/fmlibertadfeliciano.com.ar\/index.php?rest_route=\/wp\/v2\/users\/1"}],"replies":[{"embeddable":true,"href":"https:\/\/fmlibertadfeliciano.com.ar\/index.php?rest_route=%2Fwp%2Fv2%2Fcomments&post=3498"}],"version-history":[{"count":0,"href":"https:\/\/fmlibertadfeliciano.com.ar\/index.php?rest_route=\/wp\/v2\/posts\/3498\/revisions"}],"wp:featuredmedia":[{"embeddable":true,"href":"https:\/\/fmlibertadfeliciano.com.ar\/index.php?rest_route=\/wp\/v2\/media\/3499"}],"wp:attachment":[{"href":"https:\/\/fmlibertadfeliciano.com.ar\/index.php?rest_route=%2Fwp%2Fv2%2Fmedia&parent=3498"}],"wp:term":[{"taxonomy":"category","embeddable":true,"href":"https:\/\/fmlibertadfeliciano.com.ar\/index.php?rest_route=%2Fwp%2Fv2%2Fcategories&post=3498"},{"taxonomy":"post_tag","embeddable":true,"href":"https:\/\/fmlibertadfeliciano.com.ar\/index.php?rest_route=%2Fwp%2Fv2%2Ftags&post=3498"}],"curies":[{"name":"wp","href":"https:\/\/api.w.org\/{rel}","templated":true}]}}