{"id":3500,"date":"2026-04-30T12:47:56","date_gmt":"2026-04-30T12:47:56","guid":{"rendered":"https:\/\/fmlibertadfeliciano.com.ar\/?p=3500"},"modified":"2026-04-30T12:47:56","modified_gmt":"2026-04-30T12:47:56","slug":"el-parque-nacional-el-palmar-celebra-el-gran-dia-mundial-de-las-aves","status":"publish","type":"post","link":"https:\/\/fmlibertadfeliciano.com.ar\/?p=3500","title":{"rendered":"El Parque Nacional El Palmar celebra el Gran D\u00eda Mundial de las Aves"},"content":{"rendered":"<p>\u200b\u00a0<\/p>\n<p>\u200b\u00a0<\/p>\n<p>\u200b<\/p>\n<p>El <strong>Parque Nacional El Palmar<\/strong>, ubicado en el departamento Col\u00f3n, invita a celebrar el <strong>Gran D\u00eda Mundial de las Aves (Global Big Day)<\/strong> el pr\u00f3ximo <strong>9 de mayo<\/strong>.<\/p>\n<figure class=\"wp-block-image size-full\"><img loading=\"lazy\" decoding=\"async\" width=\"600\" height=\"750\" src=\"https:\/\/www.entrerrianodigital.com\/wp-content\/uploads\/2026\/04\/diamundialaves.jpeg\" alt=\"\" class=\"wp-image-17516\" \/><\/figure>\n<p>Se trata de una iniciativa internacional que conecta a miles de personas con la naturaleza a trav\u00e9s de la <strong>observaci\u00f3n de aves<\/strong>, promoviendo la conciencia sobre la biodiversidad y la importancia de conservarla.<\/p>\n<p>En la regi\u00f3n, la jornada contar\u00e1 con m\u00faltiples actividades en distintos puntos:<\/p>\n<div class=\"entre-grupo-slider-rotativo-entre-noticias-pc entre-entity-placement\">\n<div class=\"ed-banner\"><a href=\"http:\/\/www.parana.gob.ar\/\" aria-label=\"07- 728 x 90 Marzo VdV pautaweb\"><img loading=\"lazy\" decoding=\"async\" src=\"https:\/\/www.entrerrianodigital.com\/wp-content\/uploads\/2026\/04\/07-728-x-90-Marzo-VdV-pautaweb.jpg\" alt=\"\" width=\"728\" height=\"90\" \/><\/a><\/div>\n<\/div>\n<ul class=\"wp-block-list\">\n<li><img decoding=\"async\" src=\"https:\/\/s.w.org\/images\/core\/emoji\/17.0.2\/72x72\/1f4cd.png\" alt=\"\ud83d\udccd\" class=\"wp-smiley\" \/> <strong>Parque Nacional El Palmar<\/strong> \u2013 08:00 h<\/li>\n<li><img decoding=\"async\" src=\"https:\/\/s.w.org\/images\/core\/emoji\/17.0.2\/72x72\/1f4cd.png\" alt=\"\ud83d\udccd\" class=\"wp-smiley\" \/> <strong>Reserva Natural Educativa Los Teros (San Jos\u00e9)<\/strong> \u2013 15:00 h<\/li>\n<li><img decoding=\"async\" src=\"https:\/\/s.w.org\/images\/core\/emoji\/17.0.2\/72x72\/1f4cd.png\" alt=\"\ud83d\udccd\" class=\"wp-smiley\" \/> <strong>Reserva Natural R\u00edo de los P\u00e1jaros (Col\u00f3n)<\/strong> \u2013 15:00 h<\/li>\n<li><img decoding=\"async\" src=\"https:\/\/s.w.org\/images\/core\/emoji\/17.0.2\/72x72\/1f4cd.png\" alt=\"\ud83d\udccd\" class=\"wp-smiley\" \/> <strong>Balneario Municipal \u201cEl Rocha\u201d (Villa Elisa)<\/strong> \u2013 15:00 h<\/li>\n<\/ul>\n<p>Los participantes podr\u00e1n registrar sus observaciones en <strong>eBird<\/strong> y sumarse a este movimiento global impulsado por organizaciones como <strong>Aves Argentinas<\/strong>.<\/p>\n<blockquote class=\"wp-block-quote is-layout-flow wp-block-quote-is-layout-flow\">\n<p>El lema de la jornada resume su esp\u00edritu: <em>\u201cCada ave cuenta. Cada registro suma. Cada mirada protege\u201d<\/em>.<\/p>\n<\/blockquote>\n<figure class=\"wp-block-image size-full\"><img loading=\"lazy\" decoding=\"async\" width=\"600\" height=\"750\" src=\"https:\/\/www.entrerrianodigital.com\/wp-content\/uploads\/2026\/04\/diamundialaveselpalmar.jpeg\" alt=\"\" class=\"wp-image-17517\" \/><\/figure>\n<p>La entrada <a href=\"https:\/\/www.entrerrianodigital.com\/el-parque-nacional-el-palmar-celebra-el-gran-dia-mundial-de-las-aves\/\">El Parque Nacional El Palmar celebra el Gran D\u00eda Mundial de las Aves<\/a> se public\u00f3 primero en <a href=\"https:\/\/www.entrerrianodigital.com\/\">Entrerriano Digital<\/a>.<\/p>\n<p>\u00a0El Global Big Day se vivir\u00e1 el 9 de mayo con actividades en Col\u00f3n, San Jos\u00e9 y Villa Elisa.<br \/>\nLa entrada El Parque Nacional El Palmar celebra el Gran D\u00eda Mundial de las Aves se public\u00f3 primero en Entrerriano Digital.<\/p>","protected":false},"excerpt":{"rendered":"<div class=\"mh-excerpt\"><p>\u200b\u00a0 \u200b\u00a0 \u200b El Parque Nacional El Palmar, ubicado en el departamento Col\u00f3n, invita a celebrar el Gran D\u00eda Mundial de las Aves (Global Big <a class=\"mh-excerpt-more\" href=\"https:\/\/fmlibertadfeliciano.com.ar\/?p=3500\" title=\"El Parque Nacional El Palmar celebra el Gran D\u00eda Mundial de las Aves\">[&#8230;]<\/a><\/p>\n<\/div>","protected":false},"author":1,"featured_media":3501,"comment_status":"open","ping_status":"open","sticky":false,"template":"","format":"standard","meta":{"footnotes":""},"categories":[1],"tags":[],"class_list":["post-3500","post","type-post","status-publish","format-standard","has-post-thumbnail","hentry","category-sin-categoria"],"_links":{"self":[{"href":"https:\/\/fmlibertadfeliciano.com.ar\/index.php?rest_route=\/wp\/v2\/posts\/3500","targetHints":{"allow":["GET"]}}],"collection":[{"href":"https:\/\/fmlibertadfeliciano.com.ar\/index.php?rest_route=\/wp\/v2\/posts"}],"about":[{"href":"https:\/\/fmlibertadfeliciano.com.ar\/index.php?rest_route=\/wp\/v2\/types\/post"}],"author":[{"embeddable":true,"href":"https:\/\/fmlibertadfeliciano.com.ar\/index.php?rest_route=\/wp\/v2\/users\/1"}],"replies":[{"embeddable":true,"href":"https:\/\/fmlibertadfeliciano.com.ar\/index.php?rest_route=%2Fwp%2Fv2%2Fcomments&post=3500"}],"version-history":[{"count":0,"href":"https:\/\/fmlibertadfeliciano.com.ar\/index.php?rest_route=\/wp\/v2\/posts\/3500\/revisions"}],"wp:featuredmedia":[{"embeddable":true,"href":"https:\/\/fmlibertadfeliciano.com.ar\/index.php?rest_route=\/wp\/v2\/media\/3501"}],"wp:attachment":[{"href":"https:\/\/fmlibertadfeliciano.com.ar\/index.php?rest_route=%2Fwp%2Fv2%2Fmedia&parent=3500"}],"wp:term":[{"taxonomy":"category","embeddable":true,"href":"https:\/\/fmlibertadfeliciano.com.ar\/index.php?rest_route=%2Fwp%2Fv2%2Fcategories&post=3500"},{"taxonomy":"post_tag","embeddable":true,"href":"https:\/\/fmlibertadfeliciano.com.ar\/index.php?rest_route=%2Fwp%2Fv2%2Ftags&post=3500"}],"curies":[{"name":"wp","href":"https:\/\/api.w.org\/{rel}","templated":true}]}}