{"id":3502,"date":"2026-04-30T12:45:59","date_gmt":"2026-04-30T12:45:59","guid":{"rendered":"https:\/\/fmlibertadfeliciano.com.ar\/?p=3502"},"modified":"2026-04-30T12:45:59","modified_gmt":"2026-04-30T12:45:59","slug":"concordia-invita-a-disfrutar-el-fin-de-semana-largo-con-historia-cultura-y-deporte","status":"publish","type":"post","link":"https:\/\/fmlibertadfeliciano.com.ar\/?p=3502","title":{"rendered":"Concordia invita a disfrutar el fin de semana largo con historia, cultura y deporte"},"content":{"rendered":"<p>\u200b\u00a0<\/p>\n<p>\u200b\u00a0<\/p>\n<p>\u200b<\/p>\n<p class=\"has-text-align-center\">Durante el feriado por el D\u00eda del Trabajador, Concordia ofrecer\u00e1 una variada propuesta de actividades tur\u00edsticas, culturales y recreativas.<br \/>\u00a0<br \/><strong>Del 30 de abril al 3 de mayo, vecinos y visitantes podr\u00e1n disfrutar de sitios hist\u00f3ricos, museos, experiencias en la naturaleza, termas, espect\u00e1culos y eventos deportivos, con opciones para toda la familia.<\/strong><br \/>\u00a0<\/p>\n<figure class=\"wp-block-gallery has-nested-images columns-default is-cropped wp-block-gallery-1 is-layout-flex wp-block-gallery-is-layout-flex\">\n<figure class=\"wp-block-image size-large\"><img decoding=\"async\" loading=\"lazy\" width=\"600\" height=\"398\" data-id=\"17525\" src=\"https:\/\/www.entrerrianodigital.com\/wp-content\/uploads\/2026\/04\/concordiatursimoreservapereda.jpeg\" alt=\"\" class=\"wp-image-17525\" \/><\/figure>\n<figure class=\"wp-block-image size-large\"><img decoding=\"async\" loading=\"lazy\" width=\"600\" height=\"399\" data-id=\"17526\" src=\"https:\/\/www.entrerrianodigital.com\/wp-content\/uploads\/2026\/04\/concordiatursimoarquitectonico.jpeg\" alt=\"\" class=\"wp-image-17526\" \/><\/figure>\n<figure class=\"wp-block-image size-large\"><img decoding=\"async\" loading=\"lazy\" width=\"600\" height=\"399\" data-id=\"17527\" src=\"https:\/\/www.entrerrianodigital.com\/wp-content\/uploads\/2026\/04\/concordiaturismodeportivo.jpeg\" alt=\"\" class=\"wp-image-17527\" \/><\/figure>\n<\/figure>\n<p class=\"has-text-align-center\"><strong>HISTORIA, CULTURA Y DEPORTE<\/strong><br \/>\u00a0<br \/>Entre los espacios hist\u00f3ricos para visitar se encuentra el Naranjal de Pereda, primer asentamiento previo a la fundaci\u00f3n de Concordia, donde se conservan ruinas jesu\u00edticas y huellas del \u00c9xodo Oriental. Puede visitarse de lunes a jueves de 7 a 13 h y del viernes 1\u00b0 al domingo 3 de mayo de 16 a 18 hs.<br \/>\u00a0<br \/>Tambi\u00e9n abrir\u00e1 sus puertas el Castillo San Carlos, uno de los \u00edconos patrimoniales de la ciudad. El s\u00e1bado 2 y domingo 3 de mayo, de 9 a 19 hs, se podr\u00e1 recorrer el hist\u00f3rico castillo y conocer su v\u00ednculo con El Principito, obra del aviador y escritor Antoine de Saint-Exup\u00e9ry.<br \/>\u00a0<br \/>El viernes 1\u00b0 de mayo a las 10 hs se realizar\u00e1 un Avistamiento de Mariposas, con punto de encuentro en ingreso al Catillo San Carlos. La actividad es gratuita y se recomienda llevar c\u00e1mara o celular para registro fotogr\u00e1fico. Tambi\u00e9n el d\u00eda s\u00e1bado se realizar\u00e1 una Meditaci\u00f3n para Sanar V\u00ednculos, 17.30hs.<br \/>\u00a0<br \/>Entre las actividades especiales se destaca Arquitectura Nocturna, un recorrido guiado con linternas para descubrir la ciudad desde sus sombras. La propuesta se realizar\u00e1 el jueves 30 de abril a las 20 hs y se repetir\u00e1 el s\u00e1bado 2 de mayo, incluyendo este \u00faltimo, la visita a Casa Loyola.<br \/>\u00a0<br \/>La agenda tambi\u00e9n incluir\u00e1 propuestas culturales y deportivas. Durante el fin de semana se disputar\u00e1 una nueva fecha del TC 2000 en el Aut\u00f3dromo de Concordia, con actividades desde el viernes 1\u00b0 a las 15:00hs, y continuando el s\u00e1bado 2 y domingo 3 a partir de las 9:00hs.<br \/>\u00a0<br \/>Asimismo, se realizar\u00e1 la Conferencia de Prensa el viernes 1\u00b0 de mayo a las 19:00 horas en la Peatonal del Bicentenario, frente al Palacio Municipal (Bartolom\u00e9 Mitre 76).<\/p>\n<figure class=\"wp-block-image size-full\"><img decoding=\"async\" loading=\"lazy\" width=\"971\" height=\"101\" src=\"https:\/\/www.entrerrianodigital.com\/wp-content\/uploads\/2026\/02\/municipalidadconcordia-banner.jpg\" alt=\"\" class=\"wp-image-15510\" \/><\/figure>\n<p class=\"has-text-align-center\">\u00a0<br \/><strong>ESPECT\u00c1CULOS Y EVENTOS ESPECIALES<\/strong><br \/>\u00a0<br \/>En Terrazas de la Costa contar\u00e1 con m\u00fasica y propuestas gastron\u00f3micas desde el 1\u00b0 al 5 de mayo a partir de las 19 hs.<br \/>\u00a0<br \/>El domingo 3 se realizar\u00e1 adem\u00e1s la Feria Paseo del R\u00edo, en la Plazoleta de las Am\u00e9ricas, de 15:30h a 20 hs, con emprendedores locales y espect\u00e1culos en vivo.<br \/>\u00a0<br \/><strong>GRILLA DE MUSEOS<\/strong><br \/>\u00a0<br \/>La agenda incluye adem\u00e1s un recorrido por distintos museos de la ciudad. El Museo de Antropolog\u00eda y Ciencias Naturales abrir\u00e1 el s\u00e1bado 2 de 14h a 20h, mientras que el Museo de Artes Visuales podr\u00e1 visitarse el s\u00e1bado 2 y domingo 3 en el mismo horario.<br \/>\u00a0<br \/>El Museo Ferroviario funcionar\u00e1 s\u00e1bado y domingo de 17h a 20 h y el Museo Interactivo Costa Ciencia recibir\u00e1 visitantes el s\u00e1bado de 15h a 17h. En tanto, el Museo Salto Grande abrir\u00e1 el s\u00e1bado y domingo de 7 a 13 h. Por su parte, el Museo Provincial de la Imagen estar\u00e1 abierto el viernes 1\u00b0 de 9h a 12 h y el s\u00e1bado 2 en dos turnos: de 10h a 12 h y de 17h a 19h.<br \/>\u00a0<br \/><strong>TERMAS Y EXPERIENCIAS RURALES<\/strong><br \/>\u00a0<br \/>Los complejos termales de Concordia continuar\u00e1n siendo una de las principales opciones para el descanso y el bienestar. Las Termas Concordia funcionar\u00e1n todos los d\u00edas de 8 a 00 hs, mientras que las Termas del Ayu\u00ed y Termas Punta Viracho abrir\u00e1n de 9 a 23 hs.<br \/>\u00a0<br \/>El Parque Acu\u00e1tico tambi\u00e9n estar\u00e1 disponible todos los d\u00edas de 9h a 18:45 hs. A su vez, habr\u00e1 diversas propuestas recreativas como Costa Bici en la Costanera, Bekia Bowling, PIXEL VR 360, The Room, La Caba\u00f1a Gamer y funciones en el Cine C\u00edrculo.<br \/>\u00a0<br \/>Entre las propuestas vinculadas con la naturaleza se destacan las visitas y degustaciones en bodegas locales, como la experiencia que ofrecer\u00e1 Bodega Siandra Hermanos el s\u00e1bado 2, con recorrido guiado, degustaci\u00f3n del vino \u201cLos Nietos\u201d y show sorpresa, y la actividad en Finca F\u00e9nix, con degustaci\u00f3n de vinos 329 a las 16 hs.<br \/>\u00a0<br \/>El Establecimiento La Ang\u00e9lica ofrecer\u00e1 jornadas de d\u00eda de campo el viernes 1\u00b0 y el domingo 3 de mayo de 12 a 18 hs, con asado a la estaca, granja educativa, visita guiada y degustaciones regionales. Adem\u00e1s, se realizar\u00e1n cabalgatas por montes naturales en distintos horarios y sesiones de constelaciones asistidas con caballos entre las 11h y las 13 hs.<br \/>\u00a0<br \/>Tambi\u00e9n habr\u00e1 recorridos de navegaci\u00f3n por el lago de Salto Grande, el s\u00e1bado 2 y domingo 3 a las 9:30h y 16 hs, con salida desde Puerto Luis.<\/p>\n<div class=\"entre-grupo-slider-rotativo-entre-noticias-pc entre-entity-placement\">\n<div class=\"ed-banner\"><a href=\"http:\/\/www.parana.gob.ar\/\" aria-label=\"07- 728 x 90 Marzo VdV pautaweb\"><img decoding=\"async\" loading=\"lazy\" src=\"https:\/\/www.entrerrianodigital.com\/wp-content\/uploads\/2026\/04\/07-728-x-90-Marzo-VdV-pautaweb.jpg\" alt=\"\" width=\"728\" height=\"90\" \/><\/a><\/div>\n<\/div>\n<figure class=\"wp-block-gallery has-nested-images columns-default is-cropped wp-block-gallery-2 is-layout-flex wp-block-gallery-is-layout-flex\">\n<figure class=\"wp-block-image size-large\"><img decoding=\"async\" loading=\"lazy\" width=\"1024\" height=\"683\" data-id=\"15985\" src=\"https:\/\/www.entrerrianodigital.com\/wp-content\/uploads\/2026\/03\/codesallagotermasayui-1024x683.jpg\" alt=\"\" class=\"wp-image-15985\" \/><\/figure>\n<figure class=\"wp-block-image size-large\"><img decoding=\"async\" loading=\"lazy\" width=\"1024\" height=\"683\" data-id=\"8775\" src=\"https:\/\/www.entrerrianodigital.com\/wp-content\/uploads\/2025\/07\/termasayuicodesal-1024x683.jpg\" alt=\"\" class=\"wp-image-8775\" \/><\/figure>\n<figure class=\"wp-block-image size-large\"><img decoding=\"async\" loading=\"lazy\" width=\"600\" height=\"450\" data-id=\"17524\" src=\"https:\/\/www.entrerrianodigital.com\/wp-content\/uploads\/2026\/04\/turismorural.jpeg\" alt=\"\" class=\"wp-image-17524\" \/><\/figure>\n<\/figure>\n<ul class=\"wp-block-list\">\n<li><strong>Desde la Subsecretar\u00eda de Turismo y EMCONTUR te invitamos a acercarte al Centro de Informaci\u00f3n Tur\u00edstica (CIT), en Mitre y Pellegrini, para hacer tus reservas y recibir asesoramiento. Tambi\u00e9n pod\u00e9s comunicarte por WhatsApp al 345 508-0276 y seguir las redes de @comparticoncordia para enterarte de todas las propuestas y novedades del destino.<\/strong><\/li>\n<\/ul>\n<p>La entrada <a href=\"https:\/\/www.entrerrianodigital.com\/concordia-invita-a-disfrutar-el-fin-de-semana-largo-con-historia-cultura-y-deporte\/\">Concordia invita a disfrutar el fin de semana largo con historia, cultura y deporte<\/a> se public\u00f3 primero en <a href=\"https:\/\/www.entrerrianodigital.com\/\">Entrerriano Digital<\/a>.<\/p>\n<p>\u00a0Del 30 de abril al 3 de mayo, la ciudad ofrecer\u00e1 actividades tur\u00edsticas, recreativas y espect\u00e1culos para toda la familia.<br \/>\nLa entrada Concordia invita a disfrutar el fin de semana largo con historia, cultura y deporte se public\u00f3 primero en Entrerriano Digital.<\/p>","protected":false},"excerpt":{"rendered":"<div class=\"mh-excerpt\"><p>\u200b\u00a0 \u200b\u00a0 \u200b Durante el feriado por el D\u00eda del Trabajador, Concordia ofrecer\u00e1 una variada propuesta de actividades tur\u00edsticas, culturales y recreativas.\u00a0Del 30 de abril <a class=\"mh-excerpt-more\" href=\"https:\/\/fmlibertadfeliciano.com.ar\/?p=3502\" title=\"Concordia invita a disfrutar el fin de semana largo con historia, cultura y deporte\">[&#8230;]<\/a><\/p>\n<\/div>","protected":false},"author":1,"featured_media":3503,"comment_status":"open","ping_status":"open","sticky":false,"template":"","format":"standard","meta":{"footnotes":""},"categories":[1],"tags":[],"class_list":["post-3502","post","type-post","status-publish","format-standard","has-post-thumbnail","hentry","category-sin-categoria"],"_links":{"self":[{"href":"https:\/\/fmlibertadfeliciano.com.ar\/index.php?rest_route=\/wp\/v2\/posts\/3502","targetHints":{"allow":["GET"]}}],"collection":[{"href":"https:\/\/fmlibertadfeliciano.com.ar\/index.php?rest_route=\/wp\/v2\/posts"}],"about":[{"href":"https:\/\/fmlibertadfeliciano.com.ar\/index.php?rest_route=\/wp\/v2\/types\/post"}],"author":[{"embeddable":true,"href":"https:\/\/fmlibertadfeliciano.com.ar\/index.php?rest_route=\/wp\/v2\/users\/1"}],"replies":[{"embeddable":true,"href":"https:\/\/fmlibertadfeliciano.com.ar\/index.php?rest_route=%2Fwp%2Fv2%2Fcomments&post=3502"}],"version-history":[{"count":0,"href":"https:\/\/fmlibertadfeliciano.com.ar\/index.php?rest_route=\/wp\/v2\/posts\/3502\/revisions"}],"wp:featuredmedia":[{"embeddable":true,"href":"https:\/\/fmlibertadfeliciano.com.ar\/index.php?rest_route=\/wp\/v2\/media\/3503"}],"wp:attachment":[{"href":"https:\/\/fmlibertadfeliciano.com.ar\/index.php?rest_route=%2Fwp%2Fv2%2Fmedia&parent=3502"}],"wp:term":[{"taxonomy":"category","embeddable":true,"href":"https:\/\/fmlibertadfeliciano.com.ar\/index.php?rest_route=%2Fwp%2Fv2%2Fcategories&post=3502"},{"taxonomy":"post_tag","embeddable":true,"href":"https:\/\/fmlibertadfeliciano.com.ar\/index.php?rest_route=%2Fwp%2Fv2%2Ftags&post=3502"}],"curies":[{"name":"wp","href":"https:\/\/api.w.org\/{rel}","templated":true}]}}