{"id":3516,"date":"2026-05-02T12:55:30","date_gmt":"2026-05-02T12:55:30","guid":{"rendered":"https:\/\/fmlibertadfeliciano.com.ar\/?p=3516"},"modified":"2026-05-02T12:55:30","modified_gmt":"2026-05-02T12:55:30","slug":"informe-expuso-que-la-interpelacion-a-adorni-tuvo-alto-impacto-digital-negativo-por-sus-viajes-y-patrimonio","status":"publish","type":"post","link":"https:\/\/fmlibertadfeliciano.com.ar\/?p=3516","title":{"rendered":"Informe expuso que la interpelaci\u00f3n a Adorni tuvo alto impacto digital negativo por sus viajes y patrimonio"},"content":{"rendered":"<p>\u200b\u00a0<\/p>\n<p>\u200b\u00a0<\/p>\n<p>\u200b<\/p>\n<figure>\n                        <img decoding=\"async\" src=\"https:\/\/apfdigital-s3.cdn.net.ar\/s3i233\/2026\/03\/apfdigital\/images\/02\/52\/77\/2527717_45295dd36c1d7f9bce023f3b8092f2d81ac9c5eda17d5a3b1cb2346663de9862\/md.webp\" alt=\"\" class=\"type:primaryImage\" \/><figcaption><\/figcaption><\/figure>\n<p>\u00a0La presentaci\u00f3n de Manuel Adorni en Diputados gener\u00f3 una de las jornadas parlamentarias m\u00e1s intensas del a\u00f1o en redes sociales. Seg\u00fan un informe de Enter Comunicaci\u00f3n, la sesi\u00f3n estuvo marcada por una fuerte polarizaci\u00f3n, con predominio de menciones negativas vinculadas a patrimonio, viajes y el cruce con la oposici\u00f3n, mientras el contenido t\u00e9cnico del informe qued\u00f3 relegado a un segundo plano.<\/p>","protected":false},"excerpt":{"rendered":"<div class=\"mh-excerpt\"><p>\u200b\u00a0 \u200b\u00a0 \u200b \u00a0La presentaci\u00f3n de Manuel Adorni en Diputados gener\u00f3 una de las jornadas parlamentarias m\u00e1s intensas del a\u00f1o en redes sociales. Seg\u00fan un <a class=\"mh-excerpt-more\" href=\"https:\/\/fmlibertadfeliciano.com.ar\/?p=3516\" title=\"Informe expuso que la interpelaci\u00f3n a Adorni tuvo alto impacto digital negativo por sus viajes y patrimonio\">[&#8230;]<\/a><\/p>\n<\/div>","protected":false},"author":1,"featured_media":3517,"comment_status":"open","ping_status":"open","sticky":false,"template":"","format":"standard","meta":{"footnotes":""},"categories":[1],"tags":[],"class_list":["post-3516","post","type-post","status-publish","format-standard","has-post-thumbnail","hentry","category-sin-categoria"],"_links":{"self":[{"href":"https:\/\/fmlibertadfeliciano.com.ar\/index.php?rest_route=\/wp\/v2\/posts\/3516","targetHints":{"allow":["GET"]}}],"collection":[{"href":"https:\/\/fmlibertadfeliciano.com.ar\/index.php?rest_route=\/wp\/v2\/posts"}],"about":[{"href":"https:\/\/fmlibertadfeliciano.com.ar\/index.php?rest_route=\/wp\/v2\/types\/post"}],"author":[{"embeddable":true,"href":"https:\/\/fmlibertadfeliciano.com.ar\/index.php?rest_route=\/wp\/v2\/users\/1"}],"replies":[{"embeddable":true,"href":"https:\/\/fmlibertadfeliciano.com.ar\/index.php?rest_route=%2Fwp%2Fv2%2Fcomments&post=3516"}],"version-history":[{"count":0,"href":"https:\/\/fmlibertadfeliciano.com.ar\/index.php?rest_route=\/wp\/v2\/posts\/3516\/revisions"}],"wp:featuredmedia":[{"embeddable":true,"href":"https:\/\/fmlibertadfeliciano.com.ar\/index.php?rest_route=\/wp\/v2\/media\/3517"}],"wp:attachment":[{"href":"https:\/\/fmlibertadfeliciano.com.ar\/index.php?rest_route=%2Fwp%2Fv2%2Fmedia&parent=3516"}],"wp:term":[{"taxonomy":"category","embeddable":true,"href":"https:\/\/fmlibertadfeliciano.com.ar\/index.php?rest_route=%2Fwp%2Fv2%2Fcategories&post=3516"},{"taxonomy":"post_tag","embeddable":true,"href":"https:\/\/fmlibertadfeliciano.com.ar\/index.php?rest_route=%2Fwp%2Fv2%2Ftags&post=3516"}],"curies":[{"name":"wp","href":"https:\/\/api.w.org\/{rel}","templated":true}]}}