{"id":3518,"date":"2026-05-02T10:18:17","date_gmt":"2026-05-02T10:18:17","guid":{"rendered":"https:\/\/fmlibertadfeliciano.com.ar\/?p=3518"},"modified":"2026-05-02T10:18:17","modified_gmt":"2026-05-02T10:18:17","slug":"se-presento-en-buenos-aires-la-4a-edicion-del-pasaporte-termal-tierra-de-palmares","status":"publish","type":"post","link":"https:\/\/fmlibertadfeliciano.com.ar\/?p=3518","title":{"rendered":"Se present\u00f3 en Buenos Aires la 4\u00aa edici\u00f3n del Pasaporte Termal Tierra de Palmares"},"content":{"rendered":"<p>\u200b\u00a0<\/p>\n<p>\u200b\u00a0<\/p>\n<p>\u200b<\/p>\n<p><strong>En la Casa de Entre R\u00edos en Buenos Aires se realiz\u00f3 la presentaci\u00f3n de la 4\u00aa edici\u00f3n del Pasaporte Termal, una propuesta impulsada de manera conjunta por Termas San Jos\u00e9, Termas de Villa Elisa y Col\u00f3n, con el objetivo de fortalecer el turismo de bienestar en la regi\u00f3n.<\/strong><\/p>\n<p>El acto cont\u00f3 con la presencia del intendente de la ciudad de San Jos\u00e9, Gustavo Basti\u00e1n; el director de la Casa de Entre R\u00edos, Jos\u00e9 Mouli\u00e1; el director general de Turismo de Entre R\u00edos, Sebasti\u00e1n Bel; funcionarios municipales; representantes de los complejos termales y el intendente del Parque Nacional El Palmar, Facundo Alcalde.<\/p>\n<figure class=\"wp-block-image size-full\"><img loading=\"lazy\" decoding=\"async\" width=\"600\" height=\"450\" src=\"https:\/\/www.entrerrianodigital.com\/wp-content\/uploads\/2026\/05\/pasapoteencaba.jpeg\" alt=\"\" class=\"wp-image-17603\" \/><\/figure>\n\n<h5 class=\"wp-block-heading\">Beneficios exclusivos en la nueva temporada de oto\u00f1o en Tierra de Palmares:<\/h5>\n<p>Desde mayo, los visitantes podr\u00e1n recorrer las tres termas en un solo circuito, con <strong>beneficios exclusivos<\/strong>:<\/p>\n<div class=\"entre-grupo-slider-rotativo-entre-noticias-pc entre-entity-placement\">\n<div class=\"ed-banner\"><a href=\"http:\/\/www.parana.gob.ar\/\" aria-label=\"07- 728 x 90 Marzo VdV pautaweb\"><img loading=\"lazy\" decoding=\"async\" src=\"https:\/\/www.entrerrianodigital.com\/wp-content\/uploads\/2026\/04\/07-728-x-90-Marzo-VdV-pautaweb.jpg\" alt=\"\" width=\"728\" height=\"90\" \/><\/a><\/div>\n<\/div>\n<ul class=\"wp-block-list\">\n<li>50% OFF en la segunda y tercera terma.<\/li>\n<li>10% OFF en servicios.<\/li>\n<li>+10% extra si el recorrido se inicia en una oficina de turismo.<\/li>\n<\/ul>\n<p>La experiencia combina tres destinos ubicados a menos de <strong>20 km entre s\u00ed<\/strong> y a <strong>350 km de CABA<\/strong>, consolidando a la regi\u00f3n como un referente del <strong>turismo de bienestar<\/strong>.<\/p>\n<p>La entrada <a href=\"https:\/\/www.entrerrianodigital.com\/se-presento-en-buenos-aires-la-4a-edicion-del-pasaporte-termal-tierra-de-palmares\/\">Se present\u00f3 en Buenos Aires la 4\u00aa edici\u00f3n del Pasaporte Termal Tierra de Palmares<\/a> se public\u00f3 primero en <a href=\"https:\/\/www.entrerrianodigital.com\/\">Entrerriano Digital<\/a>.<\/p>\n<p>\u00a0La 4\u00aa edici\u00f3n del Pasaporte Termal ofrece beneficios exclusivos en Col\u00f3n, San Jos\u00e9 y Villa Elisa.<br \/>\nLa entrada Se present\u00f3 en Buenos Aires la 4\u00aa edici\u00f3n del Pasaporte Termal Tierra de Palmares se public\u00f3 primero en Entrerriano Digital.<\/p>","protected":false},"excerpt":{"rendered":"<div class=\"mh-excerpt\"><p>\u200b\u00a0 \u200b\u00a0 \u200b En la Casa de Entre R\u00edos en Buenos Aires se realiz\u00f3 la presentaci\u00f3n de la 4\u00aa edici\u00f3n del Pasaporte Termal, una propuesta <a class=\"mh-excerpt-more\" href=\"https:\/\/fmlibertadfeliciano.com.ar\/?p=3518\" title=\"Se present\u00f3 en Buenos Aires la 4\u00aa edici\u00f3n del Pasaporte Termal Tierra de Palmares\">[&#8230;]<\/a><\/p>\n<\/div>","protected":false},"author":1,"featured_media":3519,"comment_status":"open","ping_status":"open","sticky":false,"template":"","format":"standard","meta":{"footnotes":""},"categories":[1],"tags":[],"class_list":["post-3518","post","type-post","status-publish","format-standard","has-post-thumbnail","hentry","category-sin-categoria"],"_links":{"self":[{"href":"https:\/\/fmlibertadfeliciano.com.ar\/index.php?rest_route=\/wp\/v2\/posts\/3518","targetHints":{"allow":["GET"]}}],"collection":[{"href":"https:\/\/fmlibertadfeliciano.com.ar\/index.php?rest_route=\/wp\/v2\/posts"}],"about":[{"href":"https:\/\/fmlibertadfeliciano.com.ar\/index.php?rest_route=\/wp\/v2\/types\/post"}],"author":[{"embeddable":true,"href":"https:\/\/fmlibertadfeliciano.com.ar\/index.php?rest_route=\/wp\/v2\/users\/1"}],"replies":[{"embeddable":true,"href":"https:\/\/fmlibertadfeliciano.com.ar\/index.php?rest_route=%2Fwp%2Fv2%2Fcomments&post=3518"}],"version-history":[{"count":0,"href":"https:\/\/fmlibertadfeliciano.com.ar\/index.php?rest_route=\/wp\/v2\/posts\/3518\/revisions"}],"wp:featuredmedia":[{"embeddable":true,"href":"https:\/\/fmlibertadfeliciano.com.ar\/index.php?rest_route=\/wp\/v2\/media\/3519"}],"wp:attachment":[{"href":"https:\/\/fmlibertadfeliciano.com.ar\/index.php?rest_route=%2Fwp%2Fv2%2Fmedia&parent=3518"}],"wp:term":[{"taxonomy":"category","embeddable":true,"href":"https:\/\/fmlibertadfeliciano.com.ar\/index.php?rest_route=%2Fwp%2Fv2%2Fcategories&post=3518"},{"taxonomy":"post_tag","embeddable":true,"href":"https:\/\/fmlibertadfeliciano.com.ar\/index.php?rest_route=%2Fwp%2Fv2%2Ftags&post=3518"}],"curies":[{"name":"wp","href":"https:\/\/api.w.org\/{rel}","templated":true}]}}