{"id":3520,"date":"2026-05-02T02:47:40","date_gmt":"2026-05-02T02:47:40","guid":{"rendered":"https:\/\/fmlibertadfeliciano.com.ar\/?p=3520"},"modified":"2026-05-02T02:47:40","modified_gmt":"2026-05-02T02:47:40","slug":"volcadero-que-contesto-ambiente-de-la-provincia","status":"publish","type":"post","link":"https:\/\/fmlibertadfeliciano.com.ar\/?p=3520","title":{"rendered":"Volcadero: qu\u00e9 contest\u00f3 Ambiente de la Provincia"},"content":{"rendered":"<p>\u200b\u00a0<\/p>\n<p>\u200b\u00a0<\/p>\n<p>\u200b<span class=\"cb-itemprop\"><\/span><\/p>\n<p>\u00a0<\/p>\n<p>\u00a0<\/p>\n<p>A casi dos d\u00e9cadas del inicio de un proceso ambiental para frenar la contaminaci\u00f3n proveniente de la actividad en el Volcadero de Paran\u00e1, y los sucesivos incumplimiento de sentencias, el Foro Ecologista se present\u00f3 ante la jueza de Familia N\u00b0 5 Yanina Yzet<\/p>\n<p>La primera resoluci\u00f3n judicial fue en 2007, y en 2008 se promovi\u00f3 demanda por incumplimiento de sentencia<\/p>\n<p>En 2007, el Foro Ecologista accion\u00f3 judicialmente contra la Municipalidad de Paran\u00e1 por la existencia de minibasurales y quema de basura a cielo abierto en el Volcadero, y el caso transit\u00f3 un tortuoso camino en la Justicia.<\/p>\n<p>El 16 de diciembre de 2013, la entonces jueza civil Mar\u00eda Andreas Morales emiti\u00f3 una \u201cratificaci\u00f3n de sentencia\u201d con una serie de exigencias a la Comuna. Y ordenaba la realizaci\u00f3n, por parte del Municipio, de \u201cun relevamiento, clasificaci\u00f3n y diagn\u00f3stico de los minibasurales existentes en la ciudad de Paran\u00e1, adopt\u00e1ndose las medidas necesarias para su limpieza y erradicaci\u00f3n\u201d.<\/p>\n<p>Otra exigencia consisti\u00f3 en la regularizaci\u00f3n del funcionamiento del 0800, l\u00ednea telef\u00f3nica gratuita dispuesta en una sentencia emitida en 2009 para que los vecinos pudieran denunciar la existencia de minibasurales y las quemas durante las 24 horas, todos los d\u00edas. El punto siguiente radica en la puesta en marcha de \u201cun plan de concientizaci\u00f3n ambiental e informaci\u00f3n sobre el protocolo de acci\u00f3n ante la formaci\u00f3n de basurales y quemas de residuos y sobre el sistema de separaci\u00f3n domiciliaria\u201d de la basura.<\/p>\n<p>Respecto del destino del gran basural a cielo abierto, tambi\u00e9n la justicia estableci\u00f3 un plazo. Inst\u00f3 al Municipio a que en el transcurso de 18 meses proceda al \u201ctraslado y reubicaci\u00f3n del lugar de disposici\u00f3n final de la fracci\u00f3n de rechazo de los residuos s\u00f3lidos urbanos, a un predio fuera del ejido urbano de la ciudad cuyas caracter\u00edsticas permitan su tratamiento mediante relleno sanitario y a la recomposici\u00f3n ambiental del predio de actual disposici\u00f3n, denominado Volcadero Municipal\u201d.<\/p>\n<p>En 2026, el Foro Ecologista volvi\u00f3 a presentarse ante la Justicia para advertir que, de todo lo dispuesto, nada se hab\u00eda cumplido, a saber:<\/p>\n<ul>\n<li>Que se declare el incumplimiento actual, grave y reiterado de la sentencia.<\/li>\n<li>Que se intime al Municipio demandado a su cumplimiento inmediato bajo apercibimiento de astreintes agravadas.<\/li>\n<li>Que se disponga la aplicaci\u00f3n de astreintes progresivas, efectivas y de ejecuci\u00f3n directa.<\/li>\n<li>Que se ordene la identificaci\u00f3n de los funcionarios responsables de la ejecuci\u00f3n de la sentencia.<\/li>\n<li>Que se eval\u00fae la aplicaci\u00f3n del art. 144 del C\u00f3digo Civil y Comercial respecto de dichos funcionarios.<\/li>\n<li>Que se ordenen medidas urgentes de mitigaci\u00f3n del da\u00f1o ambiental.<\/li>\n<li>Que se establezcan mecanismos de control peri\u00f3dico con participaci\u00f3n de las vecinales m\u00e1s complicadas en la problem\u00e1tica, mediante audiencias p\u00fablicas en la \u00f3rbita judicial.<\/li>\n<\/ul>\n<p>El 27 de abril una disposici\u00f3n escueta de la jueza de Familia N\u00b0 5 Yanina Yzet impuso a la Municipalidad de Paran\u00e1 y a la Secretar\u00eda de Ambiente de la Provincia a \u201cdar cumplimiento a lo ordenado\u201d so pena de la aplicaci\u00f3n de multas.<\/p>\n<blockquote class=\"wp-embedded-content\" data-secret=\"uBNsXDMfCj\">\n<p><a href=\"https:\/\/entreriosahora.com\/la-justicia-pone-condiciones-para-el-traslado-del-volcadero\/\">La Justicia pone condiciones para el traslado del Volcadero<\/a><\/p>\n<\/blockquote>\n<p>\u00a0<\/p>\n<p>La Secretar\u00eda de Ambiente de Entre R\u00edos elabor\u00f3 una respuesta a la intervenci\u00f3n judicial m\u00e1s reciente en el caso del Volcadero.<\/p>\n<p>\u201cDesde una perspectiva estrictamente jurisdiccional, resulta imperativo delimitar las esferas de competencia concurrentes. Esta Secretar\u00eda de Ambiente, en su car\u00e1cter de autoridad de aplicaci\u00f3n de la Ley Provincial N\u00b0 10.311, ejerce facultades de control, fiscalizaci\u00f3n y asistencia t\u00e9cnica que se desprenden del mandato de tutela ambiental consagrado en el Art. 41 de la Constituci\u00f3n Nacional y el Art. 22 de la Constituci\u00f3n de Entre R\u00edos. No obstante, dicha concurrencia no debe confundirse con una traslaci\u00f3n de la competencia operativa primaria, la cual, en virtud del r\u00e9gimen municipal y la normativa espec\u00edfica de gesti\u00f3n de residuos, recae exclusivamente sobre la Municipalidad de Paran\u00e1 en lo que respecta a la higiene urbana y la disposici\u00f3n final de sus residuos s\u00f3lidos urbanos\u201d, dice el escrito.<\/p>\n<p>Y apunta que m\u00e1s all\u00e1 de que el demandado en la acci\u00f3n en curso es la Municipalidad de Paran\u00e1 \u201ccorresponde informar, a los efectos de dar un marco hist\u00f3rico e institucional a este asunto, que la pretensi\u00f3n de la actora de configurar un \u00b4incumplimiento estatal prolongado y sistem\u00e1tico\u00b4 incurre en un reduccionismo que omite las transformaciones territoriales de car\u00e1cter irreversible ocurridas en la \u00faltima d\u00e9cada. El Plan Provincial GIRSU (Gesti\u00f3n Integral de Residuos S\u00f3lidos Urbanos), que el Foro se\u00f1ala como un recurso disponible pero no ejecutado, se vio neutralizado por una colisi\u00f3n de pol\u00edticas p\u00fablicas de incompatible coexistencia. La implantaci\u00f3n de un n\u00facleo habitacional de 500 viviendas sociales a escasos 800 metros del predio originalmente previsto para el Relleno Sanitario de la ciudad de Paran\u00e1 y su area metropolitana (zona de calles Selva de Montiel y Juan B\u00e1ez de la ciudad de Paran\u00e1) anul\u00f3 la factibilidad ambiental del sitio. Desde una perspectiva t\u00e9cnica, la consolidaci\u00f3n urbana lindante anul\u00f3 las distancias m\u00ednimas de amortiguamiento e impacto que exigen los est\u00e1ndares de seguridad para centros de disposici\u00f3n final, y por ende, la posibilidad de acceder y utilizar el financiamiento internacional disponible en ese momento, el cual formaba parte del Presupuesto Nacional\u201d.<\/p>\n<p>Y agrega: \u201cContrario a la tesis de la inacci\u00f3n sugerida en el informe de la actora, y en lo que al menos respecta a esta gesti\u00f3n de gobierno iniciada en diciembre de 2023, la Provincia de Entre R\u00edos ha comenzado una transici\u00f3n hacia una soluci\u00f3n de escala regional que garantice la sostenibilidad del sistema en el marco de la articulaci\u00f3n p\u00fablico-privada. Prueba de ello es la reciente reuni\u00f3n del Gobernador con los intendentes del \u00e1rea metropolitana (Paran\u00e1, Oro Verde, San Benito, Colonia Avellaneda, entre otros) para avanzar en el proyecto del Parque Ambiental del Gran Paran\u00e1, como ha quedado documentado p\u00fablicamente. El Estado provincial se encuentra coordinando con el Consorcio Interjurisdiccional la identificaci\u00f3n de nuevos predios \u2014evaluando alternativas como terrenos del Ej\u00e9rcito que carecen de urbanizaci\u00f3n cercana\u2014 que cumplan con las condiciones de seguridad y distancia que el sitio anterior perdi\u00f3. Esta gesti\u00f3n interjurisdiccional demuestra que la Provincia cumple con su rol de asistencia t\u00e9cnica y fiscalizaci\u00f3n bajo la Ley 10.311, fomentando la regionalizaci\u00f3n del tratamiento de RSU como la \u00fanica v\u00eda t\u00e9cnica viable para el cierre definitivo de vertederos a cielo abierto\u201d.<\/p>\n<p>\u00a0<\/p>\n\n<p>De la Redacci\u00f3n de Entre R\u00edos Ahora<\/p>\n<p>\u00a0\u00a0 \u00a0 A casi dos d\u00e9cadas del inicio de un proceso ambiental para frenar la contaminaci\u00f3n proveniente de la actividad en el Volcadero de Paran\u00e1, y los sucesivos incumplimiento de sentencias, el Foro Ecologista se present\u00f3 ante la jueza de Familia N\u00b0 5 Yanina Yzet La primera resoluci\u00f3n judicial fue en 2007, y en 2008<\/p>","protected":false},"excerpt":{"rendered":"<div class=\"mh-excerpt\"><p>\u200b\u00a0 \u200b\u00a0 \u200b \u00a0 \u00a0 A casi dos d\u00e9cadas del inicio de un proceso ambiental para frenar la contaminaci\u00f3n proveniente de la actividad en el <a class=\"mh-excerpt-more\" href=\"https:\/\/fmlibertadfeliciano.com.ar\/?p=3520\" title=\"Volcadero: qu\u00e9 contest\u00f3 Ambiente de la Provincia\">[&#8230;]<\/a><\/p>\n<\/div>","protected":false},"author":1,"featured_media":0,"comment_status":"open","ping_status":"open","sticky":false,"template":"","format":"standard","meta":{"footnotes":""},"categories":[1],"tags":[],"class_list":["post-3520","post","type-post","status-publish","format-standard","hentry","category-sin-categoria"],"_links":{"self":[{"href":"https:\/\/fmlibertadfeliciano.com.ar\/index.php?rest_route=\/wp\/v2\/posts\/3520","targetHints":{"allow":["GET"]}}],"collection":[{"href":"https:\/\/fmlibertadfeliciano.com.ar\/index.php?rest_route=\/wp\/v2\/posts"}],"about":[{"href":"https:\/\/fmlibertadfeliciano.com.ar\/index.php?rest_route=\/wp\/v2\/types\/post"}],"author":[{"embeddable":true,"href":"https:\/\/fmlibertadfeliciano.com.ar\/index.php?rest_route=\/wp\/v2\/users\/1"}],"replies":[{"embeddable":true,"href":"https:\/\/fmlibertadfeliciano.com.ar\/index.php?rest_route=%2Fwp%2Fv2%2Fcomments&post=3520"}],"version-history":[{"count":0,"href":"https:\/\/fmlibertadfeliciano.com.ar\/index.php?rest_route=\/wp\/v2\/posts\/3520\/revisions"}],"wp:attachment":[{"href":"https:\/\/fmlibertadfeliciano.com.ar\/index.php?rest_route=%2Fwp%2Fv2%2Fmedia&parent=3520"}],"wp:term":[{"taxonomy":"category","embeddable":true,"href":"https:\/\/fmlibertadfeliciano.com.ar\/index.php?rest_route=%2Fwp%2Fv2%2Fcategories&post=3520"},{"taxonomy":"post_tag","embeddable":true,"href":"https:\/\/fmlibertadfeliciano.com.ar\/index.php?rest_route=%2Fwp%2Fv2%2Ftags&post=3520"}],"curies":[{"name":"wp","href":"https:\/\/api.w.org\/{rel}","templated":true}]}}