{"id":4139,"date":"2026-07-11T03:02:57","date_gmt":"2026-07-11T03:02:57","guid":{"rendered":"https:\/\/fmlibertadfeliciano.com.ar\/?p=4139"},"modified":"2026-07-11T03:02:57","modified_gmt":"2026-07-11T03:02:57","slug":"el-cura-que-casi-mata-a-un-nene-rechaza-abreviado-e-iria-a-juicio","status":"publish","type":"post","link":"https:\/\/fmlibertadfeliciano.com.ar\/?p=4139","title":{"rendered":"El cura que casi mata a un nene rechaza abreviado e ir\u00eda a juicio"},"content":{"rendered":"<p>\u200b\u00a0<\/p>\n<p>\u200b\u00a0<\/p>\n<p>\u200b<span class=\"cb-itemprop\"><\/span><\/p>\n<p>\u00a0<\/p>\n<p>La fiscal Patricia Yedro elev\u00f3 pedido de remisi\u00f3n a juicio oral de la causa penal que se tramita contra el cura C\u00e9sar Jes\u00fas Schmidt por el delito de tentativa de homicidio, con pedido de pena de 6 a\u00f1os y 6 meses de prisi\u00f3n de cumplimiento efectivo.<\/p>\n<p>Schdmidt es sacerdote de la Arquidi\u00f3cesis de Paran\u00e1 y due\u00f1o de la vivienda ubicada en calle Juan de la Lamadrid al 2000, entre Maestro Normal y Gobernador Crespo, en Paran\u00e1, donde un ni\u00f1o que jugaba al f\u00fatbol con amigos el mediod\u00eda del s\u00e1bado 7 de marzo \u00faltimo fue a buscar la pelota y termin\u00f3 con una grave descarga el\u00e9ctrica al entrar en contacto con port\u00f3n que da a la calle y que estaba electrificado, raz\u00f3n por la cual el menor fue derivado a la Unidad de Terapia Intensiva del Hospital Materno Infantil San Roque.<\/p>\n<p>La v\u00edctima, Esteban Bogado, 7 a\u00f1os, alumno del Instituto Santa Teresita, intent\u00f3 rescatar la pelota que hab\u00eda ca\u00eddo dentro de la vivienda, pero en ese momento recibi\u00f3 una feroz descarga el\u00e9ctrica. Despu\u00e9s de permanecer en Terapia Intensiva, evolucion\u00f3 favorablemente aunque con un proceso de recuperaci\u00f3n lento. El religioso, que padece problemas de salud mental, est\u00e1 internado en el Hogar Sacerdotal Jes\u00fas Buen Pastor, en calle Italia al 300 de Paran\u00e1.<\/p>\n<p>Est\u00e1 representado legalmente por el abogado Mario Mart\u00ednez, ligado a la curia, quien ha rehusado la posibilidad de acordar una pena condicional en un juicio abreviado, seg\u00fan fuentes de la investigaci\u00f3n. Desde el lado del cura Schmidt promueven un acuerdo econ\u00f3mico con la familia del ni\u00f1o a modo de reparaci\u00f3n, pero las propuestas hechos de momento no han sido aceptadas.<\/p>\n<blockquote class=\"wp-embedded-content\" data-secret=\"MQdQ0NWhBx\">\n<p><a href=\"https:\/\/entreriosahora.com\/el-misterio-del-cura-schmidt\/\">El misterio del cura Schmidt<\/a><\/p>\n<\/blockquote>\n<p>\u00a0<\/p>\n<p>Aunque el l\u00edder de la Iglesia de Paran\u00e1, el arzobispo Ra\u00fal Mart\u00edn, no ha intervenido en la disputa por resolver la situaci\u00f3n procesal de uno de los suyos. Desde la querella han propuesto firmar un acuerdo de juicio abreviado, que incluya la reparaci\u00f3n econ\u00f3mica y una pena de tres a\u00f1os de prisi\u00f3n condicional para el sacerdote.<\/p>\n<p>El hecho que se imputa al sacerdote, eje de la acusaci\u00f3n, plantea:\u00a0 \u201cCon anterioridad al d\u00eda 07\/03\/2026, C\u00e9sar Jes\u00fas Schmidt, pese al riesgo que ello implica para la vida e integridad f\u00edsica de las personas, procedi\u00f3 a electrificar una malla cima ubicada en el interior de su vivienda de calle Lamadrid 2145 de la ciudad de Paran\u00e1, conectando a la misma cables provenientes de un toma corriente ubicado en el interior del inmueble. As\u00ed es que el d\u00eda referido, alrededor de las 13:00 hs., cuando el ni\u00f1o de 12 a\u00f1os de edad Esteban Bogado intent\u00f3 traspasar el tapial del inmueble para rescatar una pelota que hab\u00eda ca\u00eddo al patio de la vivienda, fue alcanzado por una fuerte corriente el\u00e9ctrica que le ocasion\u00f3 lesiones de gravedad que pusieron en riesgo su vida a saber: quemaduras en cara externa de pierna izquierda; quemaduras en cara interna del muslo izquierdo; quemaduras en regi\u00f3n inguinal derecha; quemaduras en cara palmar de mano izquierda; quemaduras en regi\u00f3n temporal derecha, siendo inmediatamente trasladado al Hospital San Roque para ser asistido\u00bb.<\/p>\n<blockquote class=\"wp-embedded-content\" data-secret=\"W5IHe7GiCe\">\n<p><a href=\"https:\/\/entreriosahora.com\/fue-muy-fuerte-el-responsable-del-hogar-sacerdotal-hablo-del-cura-schmidt\/\">\u00abFue muy fuerte\u00bb: el responsable del hogar sacerdotal habl\u00f3 del cura Schmidt<\/a><\/p>\n<\/blockquote>\n<p>\u00a0<\/p>\n<p>La petici\u00f3n de remisi\u00f3n de la causa a juicio, que se formul\u00f3 ante el juez de Garant\u00edas Jos\u00e9 Eduardo Ruhl, incluye la calificaci\u00f3n de \u201chomicidio en grado de tentativa\u201d para el cura Schmidt en calidad de autor. \u201cEl imputado en oportunidad de la intimaci\u00f3n correspondiente en la audiencia de formulaci\u00f3n de cargos como durante todo el transcurso de la investigaci\u00f3n penal preparatoria se abstuvo de declarar, ejerciendo a la fecha su defensa t\u00e9cnica el doctor Mario Mart\u00ednez\u201d, dice el texto de la fiscal Yedro.<\/p>\n<p>\u00a0<\/p>\n<p>\u00a0<\/p>\n<p>De la Redacci\u00f3n de Entre R\u00edos Ahora<\/p>\n<p>\u00a0<\/p>\n<p>\u00a0\u00a0 La fiscal Patricia Yedro elev\u00f3 pedido de remisi\u00f3n a juicio oral de la causa penal que se tramita contra el cura C\u00e9sar Jes\u00fas Schmidt por el delito de tentativa de homicidio, con pedido de pena de 6 a\u00f1os y 6 meses de prisi\u00f3n de cumplimiento efectivo. Schdmidt es sacerdote de la Arquidi\u00f3cesis de Paran\u00e1<\/p>","protected":false},"excerpt":{"rendered":"<div class=\"mh-excerpt\"><p>\u200b\u00a0 \u200b\u00a0 \u200b \u00a0 La fiscal Patricia Yedro elev\u00f3 pedido de remisi\u00f3n a juicio oral de la causa penal que se tramita contra el cura <a class=\"mh-excerpt-more\" href=\"https:\/\/fmlibertadfeliciano.com.ar\/?p=4139\" title=\"El cura que casi mata a un nene rechaza abreviado e ir\u00eda a juicio\">[&#8230;]<\/a><\/p>\n<\/div>","protected":false},"author":1,"featured_media":0,"comment_status":"open","ping_status":"open","sticky":false,"template":"","format":"standard","meta":{"footnotes":""},"categories":[1],"tags":[],"class_list":["post-4139","post","type-post","status-publish","format-standard","hentry","category-sin-categoria"],"_links":{"self":[{"href":"https:\/\/fmlibertadfeliciano.com.ar\/index.php?rest_route=\/wp\/v2\/posts\/4139","targetHints":{"allow":["GET"]}}],"collection":[{"href":"https:\/\/fmlibertadfeliciano.com.ar\/index.php?rest_route=\/wp\/v2\/posts"}],"about":[{"href":"https:\/\/fmlibertadfeliciano.com.ar\/index.php?rest_route=\/wp\/v2\/types\/post"}],"author":[{"embeddable":true,"href":"https:\/\/fmlibertadfeliciano.com.ar\/index.php?rest_route=\/wp\/v2\/users\/1"}],"replies":[{"embeddable":true,"href":"https:\/\/fmlibertadfeliciano.com.ar\/index.php?rest_route=%2Fwp%2Fv2%2Fcomments&post=4139"}],"version-history":[{"count":0,"href":"https:\/\/fmlibertadfeliciano.com.ar\/index.php?rest_route=\/wp\/v2\/posts\/4139\/revisions"}],"wp:attachment":[{"href":"https:\/\/fmlibertadfeliciano.com.ar\/index.php?rest_route=%2Fwp%2Fv2%2Fmedia&parent=4139"}],"wp:term":[{"taxonomy":"category","embeddable":true,"href":"https:\/\/fmlibertadfeliciano.com.ar\/index.php?rest_route=%2Fwp%2Fv2%2Fcategories&post=4139"},{"taxonomy":"post_tag","embeddable":true,"href":"https:\/\/fmlibertadfeliciano.com.ar\/index.php?rest_route=%2Fwp%2Fv2%2Ftags&post=4139"}],"curies":[{"name":"wp","href":"https:\/\/api.w.org\/{rel}","templated":true}]}}