{"id":4140,"date":"2026-07-11T03:00:53","date_gmt":"2026-07-11T03:00:53","guid":{"rendered":"https:\/\/fmlibertadfeliciano.com.ar\/?p=4140"},"modified":"2026-07-11T03:00:53","modified_gmt":"2026-07-11T03:00:53","slug":"contra-la-reforma-jubilatoria-va-al-paro-la-multisectorial","status":"publish","type":"post","link":"https:\/\/fmlibertadfeliciano.com.ar\/?p=4140","title":{"rendered":"Contra la reforma jubilatoria, va al paro la Multisectorial"},"content":{"rendered":"<p>\u200b\u00a0<\/p>\n<p>\u200b\u00a0<\/p>\n<p>\u200b<span class=\"cb-itemprop\"><\/span><\/p>\n<p>\u00a0<\/p>\n<p>\u00a0<\/p>\n<p>Mientras el Senado sesione el pr\u00f3ximo mi\u00e9rcoles, a las 9,30, para tratar el proyecto de reforma previsional, la Multisectorial llevar\u00e1 adelante un paro provincial con movilizaci\u00f3n para oponerse a esa iniciativa.<\/p>\n<p>En la Multisectorial concluyen la Asociaci\u00f3n Gremial del Magisterio de Entre R\u00edos (Agmer), la Asociaci\u00f3n Trabajadores del Estado (ATE), la Asociaci\u00f3n Judicial de Entre R\u00edos (AJER), la Asociaci\u00f3n del Personal Legislativo de Entre R\u00edos (APLER), la Asociaci\u00f3n del Personal Superior de la Municipalidad de Paran\u00e1, la Federaci\u00f3n de Sindicatos de Trabajadores Municipales (Festram) y, entre otros, la Federaci\u00f3n de Jubilados y Pensionados.<\/p>\n<p>La Multisectorial consensu\u00f3 un mismo comunicado para convocar a la huelga y la movilizaci\u00f3n -no se especific\u00f3 d\u00f3nde concentrar\u00e1n ni a qu\u00e9 hora movilizar\u00e1n- y rechaz\u00f3 los cambios \u201ccon maquillajes y poses\u201d que contiene el texto de la reforma previsional que el Senado intentar\u00e1 dar media sanci\u00f3n el mi\u00e9rcoles.<\/p>\n<p>\u201cCon maquillajes y poses de debate el gobierno sostiene la misma decisi\u00f3n pol\u00edtica: hacer pagar a trabajadores activos y jubilados el costo de un sistema previsional desfinanciado por las privatizaciones de los 90, el Estado Nacional que nunca compens\u00f3 en tiempo y forma el desguace y una sostenida pol\u00edtica de precarizaci\u00f3n laboral, ajustar al Estado con menos cargos y en lo salarial hoy con un gobernador empobrecedor que se especializa en desfinanciar el sistema previsional con montos en negro\u201d, sostuvo la Multisectorial.<\/p>\n<p>Tambi\u00e9n afirm\u00f3: \u201cLa emergencia econ\u00f3mica con facultades especiales al gobernador y al Presidente de la Caja, el aumento de edades, de aportes que los jubilados pagar\u00e1n a perpetuidad y sobre el c\u00e1lculo del haber\u00a0 para diluir el 82% movil, una armonizaci\u00f3n encubierta con Naci\u00f3n y los recortes sobre jubilaciones por invalidez y pensiones son algunos aspectos que demuestran que se mantiene inalterable el plan de saquearnos y empobrecer el bolsillo de activos y jubilados, y constituye una intervenci\u00f3n de hecho de todo el sistema previsional\u201d.<\/p>\n<p>Por eso, dijeron, desde la Multisectorial \u201cseguiremos en la exigencia a cada uno de los Senadores que vote en contra de empobrecer a sus comunidades, castigar a sus jubilados y seguir golpeando las econom\u00edas de sus pueblos. Ha llegado la hora de definir de qu\u00e9 lado est\u00e1n y asumir las consecuencias\u201d.<\/p>\n<p>\u00a0<\/p>\n<p>\u00a0<\/p>\n<p>De la Redacci\u00f3n de Entre R\u00edos Ahora<\/p>\n<p>\u00a0\u00a0 \u00a0 Mientras el Senado sesione el pr\u00f3ximo mi\u00e9rcoles, a las 9,30, para tratar el proyecto de reforma previsional, la Multisectorial llevar\u00e1 adelante un paro provincial con movilizaci\u00f3n para oponerse a esa iniciativa. En la Multisectorial concluyen la Asociaci\u00f3n Gremial del Magisterio de Entre R\u00edos (Agmer), la Asociaci\u00f3n Trabajadores del Estado (ATE), la Asociaci\u00f3n Judicial<\/p>","protected":false},"excerpt":{"rendered":"<div class=\"mh-excerpt\"><p>\u200b\u00a0 \u200b\u00a0 \u200b \u00a0 \u00a0 Mientras el Senado sesione el pr\u00f3ximo mi\u00e9rcoles, a las 9,30, para tratar el proyecto de reforma previsional, la Multisectorial llevar\u00e1 <a class=\"mh-excerpt-more\" href=\"https:\/\/fmlibertadfeliciano.com.ar\/?p=4140\" title=\"Contra la reforma jubilatoria, va al paro la Multisectorial\">[&#8230;]<\/a><\/p>\n<\/div>","protected":false},"author":1,"featured_media":0,"comment_status":"open","ping_status":"open","sticky":false,"template":"","format":"standard","meta":{"footnotes":""},"categories":[1],"tags":[],"class_list":["post-4140","post","type-post","status-publish","format-standard","hentry","category-sin-categoria"],"_links":{"self":[{"href":"https:\/\/fmlibertadfeliciano.com.ar\/index.php?rest_route=\/wp\/v2\/posts\/4140","targetHints":{"allow":["GET"]}}],"collection":[{"href":"https:\/\/fmlibertadfeliciano.com.ar\/index.php?rest_route=\/wp\/v2\/posts"}],"about":[{"href":"https:\/\/fmlibertadfeliciano.com.ar\/index.php?rest_route=\/wp\/v2\/types\/post"}],"author":[{"embeddable":true,"href":"https:\/\/fmlibertadfeliciano.com.ar\/index.php?rest_route=\/wp\/v2\/users\/1"}],"replies":[{"embeddable":true,"href":"https:\/\/fmlibertadfeliciano.com.ar\/index.php?rest_route=%2Fwp%2Fv2%2Fcomments&post=4140"}],"version-history":[{"count":0,"href":"https:\/\/fmlibertadfeliciano.com.ar\/index.php?rest_route=\/wp\/v2\/posts\/4140\/revisions"}],"wp:attachment":[{"href":"https:\/\/fmlibertadfeliciano.com.ar\/index.php?rest_route=%2Fwp%2Fv2%2Fmedia&parent=4140"}],"wp:term":[{"taxonomy":"category","embeddable":true,"href":"https:\/\/fmlibertadfeliciano.com.ar\/index.php?rest_route=%2Fwp%2Fv2%2Fcategories&post=4140"},{"taxonomy":"post_tag","embeddable":true,"href":"https:\/\/fmlibertadfeliciano.com.ar\/index.php?rest_route=%2Fwp%2Fv2%2Ftags&post=4140"}],"curies":[{"name":"wp","href":"https:\/\/api.w.org\/{rel}","templated":true}]}}