{"id":4145,"date":"2026-07-12T12:46:29","date_gmt":"2026-07-12T12:46:29","guid":{"rendered":"https:\/\/fmlibertadfeliciano.com.ar\/?p=4145"},"modified":"2026-07-12T12:46:29","modified_gmt":"2026-07-12T12:46:29","slug":"los-rostros-de-lo-que-vivio-parana","status":"publish","type":"post","link":"https:\/\/fmlibertadfeliciano.com.ar\/?p=4145","title":{"rendered":"Los rostros de lo que vivi\u00f3 Paran\u00e1"},"content":{"rendered":"<p>\u200b\u00a0<\/p>\n<p>\u200b\u00a0<\/p>\n<p>\u200b<span class=\"cb-itemprop\"><\/span><\/p>\n<p>\u00a0<\/p>\n<p>Hubo que esperar que llegara el domingo 12 para salir a gritar el triunfo de Argentina ante Suiza.<\/p>\n<p>Y entonces las calles de Paran\u00e1 mostraron una escenograf\u00eda propia de un lunes a las 11 de la ma\u00f1ana.<\/p>\n<p>Pero era madrugada de julio, fr\u00eda, pero hab\u00eda que celebrar.<\/p>\n<p>Y nadie quiso perderse los festejos.<\/p>\n<p>Y ah\u00ed estuvieron.<\/p>\n<p>\u00a0<\/p>\n<p><a href=\"https:\/\/entreriosahora.com\/los-rostros-de-lo-que-vivio-parana\/todo-5\/\"><img loading=\"lazy\" decoding=\"async\" width=\"2560\" height=\"1707\" src=\"https:\/\/entreriosahora.com\/wp-content\/uploads\/2026\/07\/TODO-scaled.jpg\" class=\"attachment-full size-full\" alt=\"\" \/><\/a><br \/>\n<a href=\"https:\/\/entreriosahora.com\/los-rostros-de-lo-que-vivio-parana\/todo1\/\"><img loading=\"lazy\" decoding=\"async\" width=\"2560\" height=\"1707\" src=\"https:\/\/entreriosahora.com\/wp-content\/uploads\/2026\/07\/TODO1-scaled.jpg\" class=\"attachment-full size-full\" alt=\"\" \/><\/a><br \/>\n<a href=\"https:\/\/entreriosahora.com\/los-rostros-de-lo-que-vivio-parana\/todo2\/\"><img loading=\"lazy\" decoding=\"async\" width=\"2560\" height=\"1670\" src=\"https:\/\/entreriosahora.com\/wp-content\/uploads\/2026\/07\/TODO2-scaled.jpg\" class=\"attachment-full size-full\" alt=\"\" \/><\/a><br \/>\n<a href=\"https:\/\/entreriosahora.com\/los-rostros-de-lo-que-vivio-parana\/todo3\/\"><img decoding=\"async\" loading=\"lazy\" width=\"2560\" height=\"1707\" src=\"https:\/\/entreriosahora.com\/wp-content\/uploads\/2026\/07\/TODO3-scaled.jpg\" class=\"attachment-full size-full\" alt=\"\" \/><\/a><br \/>\n<a href=\"https:\/\/entreriosahora.com\/los-rostros-de-lo-que-vivio-parana\/todo4\/\"><img decoding=\"async\" loading=\"lazy\" width=\"2560\" height=\"1707\" src=\"https:\/\/entreriosahora.com\/wp-content\/uploads\/2026\/07\/TODO4-scaled.jpg\" class=\"attachment-full size-full\" alt=\"\" \/><\/a><br \/>\n<a href=\"https:\/\/entreriosahora.com\/los-rostros-de-lo-que-vivio-parana\/todo5\/\"><img decoding=\"async\" loading=\"lazy\" width=\"2560\" height=\"1707\" src=\"https:\/\/entreriosahora.com\/wp-content\/uploads\/2026\/07\/TODO5-scaled.jpg\" class=\"attachment-full size-full\" alt=\"\" \/><\/a><br \/>\n<a href=\"https:\/\/entreriosahora.com\/los-rostros-de-lo-que-vivio-parana\/todo6\/\"><img decoding=\"async\" loading=\"lazy\" width=\"2560\" height=\"1707\" src=\"https:\/\/entreriosahora.com\/wp-content\/uploads\/2026\/07\/TODO6-scaled.jpg\" class=\"attachment-full size-full\" alt=\"\" \/><\/a><br \/>\n<a href=\"https:\/\/entreriosahora.com\/los-rostros-de-lo-que-vivio-parana\/todo7\/\"><img decoding=\"async\" loading=\"lazy\" width=\"2560\" height=\"1707\" src=\"https:\/\/entreriosahora.com\/wp-content\/uploads\/2026\/07\/TODO7-scaled.jpg\" class=\"attachment-full size-full\" alt=\"\" \/><\/a><br \/>\n<a href=\"https:\/\/entreriosahora.com\/los-rostros-de-lo-que-vivio-parana\/todo8\/\"><img decoding=\"async\" loading=\"lazy\" width=\"2560\" height=\"1707\" src=\"https:\/\/entreriosahora.com\/wp-content\/uploads\/2026\/07\/TODO8-scaled.jpg\" class=\"attachment-full size-full\" alt=\"\" \/><\/a><br \/>\n<a href=\"https:\/\/entreriosahora.com\/los-rostros-de-lo-que-vivio-parana\/todo9\/\"><img decoding=\"async\" loading=\"lazy\" width=\"2560\" height=\"1707\" src=\"https:\/\/entreriosahora.com\/wp-content\/uploads\/2026\/07\/TODO9-scaled.jpg\" class=\"attachment-full size-full\" alt=\"\" \/><\/a><br \/>\n<a href=\"https:\/\/entreriosahora.com\/los-rostros-de-lo-que-vivio-parana\/todo10\/\"><img decoding=\"async\" loading=\"lazy\" width=\"2560\" height=\"1707\" src=\"https:\/\/entreriosahora.com\/wp-content\/uploads\/2026\/07\/TODO10-scaled.jpg\" class=\"attachment-full size-full\" alt=\"\" \/><\/a><br \/>\n<a href=\"https:\/\/entreriosahora.com\/los-rostros-de-lo-que-vivio-parana\/todo11\/\"><img decoding=\"async\" loading=\"lazy\" width=\"2560\" height=\"1707\" src=\"https:\/\/entreriosahora.com\/wp-content\/uploads\/2026\/07\/TODO11-scaled.jpg\" class=\"attachment-full size-full\" alt=\"\" \/><\/a><br \/>\n<a href=\"https:\/\/entreriosahora.com\/los-rostros-de-lo-que-vivio-parana\/todo12\/\"><img decoding=\"async\" loading=\"lazy\" width=\"2560\" height=\"1707\" src=\"https:\/\/entreriosahora.com\/wp-content\/uploads\/2026\/07\/TODO12-scaled.jpg\" class=\"attachment-full size-full\" alt=\"\" \/><\/a><br \/>\n<a href=\"https:\/\/entreriosahora.com\/los-rostros-de-lo-que-vivio-parana\/todo13\/\"><img decoding=\"async\" loading=\"lazy\" width=\"2560\" height=\"1707\" src=\"https:\/\/entreriosahora.com\/wp-content\/uploads\/2026\/07\/TODO13-scaled.jpg\" class=\"attachment-full size-full\" alt=\"\" \/><\/a><br \/>\n<a href=\"https:\/\/entreriosahora.com\/los-rostros-de-lo-que-vivio-parana\/todo14\/\"><img decoding=\"async\" loading=\"lazy\" width=\"2560\" height=\"1707\" src=\"https:\/\/entreriosahora.com\/wp-content\/uploads\/2026\/07\/TODO14-scaled.jpg\" class=\"attachment-full size-full\" alt=\"\" \/><\/a><\/p>\n<p>Fotos: Mauricio Gar\u00edn<\/p>\n<p>De la Redacci\u00f3n de Entre R\u00edos Ahora<\/p>\n<p>\u00a0\u00a0 Hubo que esperar que llegara el domingo 12 para salir a gritar el triunfo de Argentina ante Suiza. Y entonces las calles de Paran\u00e1 mostraron una escenograf\u00eda propia de un lunes a las 11 de la ma\u00f1ana. Pero era madrugada de julio, fr\u00eda, pero hab\u00eda que celebrar. Y nadie quiso perderse los festejos. Y<\/p>","protected":false},"excerpt":{"rendered":"<div class=\"mh-excerpt\"><p>\u200b\u00a0 \u200b\u00a0 \u200b \u00a0 Hubo que esperar que llegara el domingo 12 para salir a gritar el triunfo de Argentina ante Suiza. Y entonces las <a class=\"mh-excerpt-more\" href=\"https:\/\/fmlibertadfeliciano.com.ar\/?p=4145\" title=\"Los rostros de lo que vivi\u00f3 Paran\u00e1\">[&#8230;]<\/a><\/p>\n<\/div>","protected":false},"author":1,"featured_media":4146,"comment_status":"open","ping_status":"open","sticky":false,"template":"","format":"standard","meta":{"footnotes":""},"categories":[1],"tags":[],"class_list":["post-4145","post","type-post","status-publish","format-standard","has-post-thumbnail","hentry","category-sin-categoria"],"_links":{"self":[{"href":"https:\/\/fmlibertadfeliciano.com.ar\/index.php?rest_route=\/wp\/v2\/posts\/4145","targetHints":{"allow":["GET"]}}],"collection":[{"href":"https:\/\/fmlibertadfeliciano.com.ar\/index.php?rest_route=\/wp\/v2\/posts"}],"about":[{"href":"https:\/\/fmlibertadfeliciano.com.ar\/index.php?rest_route=\/wp\/v2\/types\/post"}],"author":[{"embeddable":true,"href":"https:\/\/fmlibertadfeliciano.com.ar\/index.php?rest_route=\/wp\/v2\/users\/1"}],"replies":[{"embeddable":true,"href":"https:\/\/fmlibertadfeliciano.com.ar\/index.php?rest_route=%2Fwp%2Fv2%2Fcomments&post=4145"}],"version-history":[{"count":0,"href":"https:\/\/fmlibertadfeliciano.com.ar\/index.php?rest_route=\/wp\/v2\/posts\/4145\/revisions"}],"wp:featuredmedia":[{"embeddable":true,"href":"https:\/\/fmlibertadfeliciano.com.ar\/index.php?rest_route=\/wp\/v2\/media\/4146"}],"wp:attachment":[{"href":"https:\/\/fmlibertadfeliciano.com.ar\/index.php?rest_route=%2Fwp%2Fv2%2Fmedia&parent=4145"}],"wp:term":[{"taxonomy":"category","embeddable":true,"href":"https:\/\/fmlibertadfeliciano.com.ar\/index.php?rest_route=%2Fwp%2Fv2%2Fcategories&post=4145"},{"taxonomy":"post_tag","embeddable":true,"href":"https:\/\/fmlibertadfeliciano.com.ar\/index.php?rest_route=%2Fwp%2Fv2%2Ftags&post=4145"}],"curies":[{"name":"wp","href":"https:\/\/api.w.org\/{rel}","templated":true}]}}