{"id":4157,"date":"2026-07-13T11:17:29","date_gmt":"2026-07-13T11:17:29","guid":{"rendered":"https:\/\/fmlibertadfeliciano.com.ar\/?p=4157"},"modified":"2026-07-13T11:17:29","modified_gmt":"2026-07-13T11:17:29","slug":"la-ruta-del-diseno-paranaense-convoco-a-la-comunidad-en-una-jornada-dedicada-al-talento-creativo-local","status":"publish","type":"post","link":"https:\/\/fmlibertadfeliciano.com.ar\/?p=4157","title":{"rendered":"La Ruta del Dise\u00f1o paranaense convoc\u00f3 a la comunidad en una jornada dedicada al talento creativo local"},"content":{"rendered":"<p>\u200b\u00a0<\/p>\n<p>\u200b\u00a0<\/p>\n<p>\u200b<\/p>\n<p class=\"wp-block-paragraph\"><strong>La iniciativa forma parte del programa Dise\u00f1a Paran\u00e1, impulsado por la Municipalidad de Paran\u00e1 junto al Consejo Asesor de Marca Paran\u00e1, y busca fortalecer el ecosistema creativo de la ciudad, promoviendo el desarrollo de emprendimientos que incorporan dise\u00f1o como valor agregado y contribuyen a consolidar la identidad local.<\/strong><\/p>\n<figure class=\"wp-block-gallery has-nested-images columns-default is-cropped wp-block-gallery-1 is-layout-flex wp-block-gallery-is-layout-flex\">\n<figure class=\"wp-block-image size-full\"><img loading=\"lazy\" decoding=\"async\" width=\"600\" height=\"401\" data-id=\"20117\" src=\"https:\/\/www.entrerrianodigital.com\/wp-content\/uploads\/2026\/07\/rutadeldisenoparanaense.jpeg\" alt=\"\" class=\"wp-image-20117\" \/><\/figure>\n<figure class=\"wp-block-image size-large\"><img loading=\"lazy\" decoding=\"async\" width=\"600\" height=\"400\" data-id=\"20113\" src=\"https:\/\/www.entrerrianodigital.com\/wp-content\/uploads\/2026\/07\/jornadatalentoparana-1.jpeg\" alt=\"\" class=\"wp-image-20113\" \/><\/figure>\n<figure class=\"wp-block-image size-large\"><img loading=\"lazy\" decoding=\"async\" width=\"600\" height=\"400\" data-id=\"20114\" src=\"https:\/\/www.entrerrianodigital.com\/wp-content\/uploads\/2026\/07\/jornadatalentoparanaense.jpeg\" alt=\"\" class=\"wp-image-20114\" \/><\/figure>\n<\/figure>\n<p class=\"wp-block-paragraph\">La coordinadora de la Subsecretar\u00eda de Producci\u00f3n, Nair Santana, destac\u00f3 que el programa acompa\u00f1a a emprendedores y emprendedoras mediante acciones que favorecen su crecimiento y visibilidad. \u00abEl programa Dise\u00f1a Paran\u00e1 busca el fortalecimiento de emprendedoras y emprendedores de la ciudad de Paran\u00e1 con agregado de valor del dise\u00f1o en diferentes tipos de soportes. La iniciativa de la Ruta del Dise\u00f1o tiene como objetivo abrir al p\u00fablico los talleres, showrooms y lugares donde se llevan adelante los procesos creativos. Es una pol\u00edtica p\u00fablica del gobierno municipal que fomenta y potencia un Estado facilitador para que los emprendedores en general, y los emprendedores con dise\u00f1o en particular, tengan espacios de comercializaci\u00f3n y de capacitaci\u00f3n\u00bb, expres\u00f3.<\/p>\n<p class=\"wp-block-paragraph\">Por su parte, la coordinadora de Marca Paran\u00e1, Anabel Waigandt, se\u00f1al\u00f3 que la propuesta permiti\u00f3 acercar el dise\u00f1o local a la comunidad. \u00abLa Ruta del Dise\u00f1o invita a recorrer nueve espacios que re\u00fanen a emprendedores y marcas de la ciudad. Es una oportunidad para conocer productos textiles, cer\u00e1mica, ilustraci\u00f3n, objetos, tejidos y muchas otras propuestas que reflejan el talento y la identidad del dise\u00f1o paranaense\u00bb, afirm\u00f3.<\/p>\n<div class=\"entre-grupo-slider-rotativo-entre-noticias-pc entre-entity-placement\">\n<div class=\"ed-banner\"><a href=\"https:\/\/www.concordia.gob.ar\/\" aria-label=\"Copia de banners web desarrollo economico \u2013 728 x 90\"><img decoding=\"async\" loading=\"lazy\" src=\"https:\/\/www.entrerrianodigital.com\/wp-content\/uploads\/2024\/11\/Copia-de-banners-web-desarrollo-economico-728-x-90.png\" alt=\"\" width=\"729\" height=\"91\" \/><\/a><\/div>\n<\/div>\n<p class=\"wp-block-paragraph\">Para facilitar la participaci\u00f3n, la Municipalidad dispuso un servicio gratuito de traslado que recorri\u00f3 los distintos espacios, permitiendo que m\u00e1s personas conocieran la propuesta y visitaran los nueve puntos del circuito.<\/p>\n<figure class=\"wp-block-gallery has-nested-images columns-default is-cropped wp-block-gallery-2 is-layout-flex wp-block-gallery-is-layout-flex\">\n<figure class=\"wp-block-image size-large\"><img decoding=\"async\" loading=\"lazy\" width=\"600\" height=\"400\" data-id=\"20112\" src=\"https:\/\/www.entrerrianodigital.com\/wp-content\/uploads\/2026\/07\/disenoparanaense.jpeg\" alt=\"\" class=\"wp-image-20112\" \/><\/figure>\n<figure class=\"wp-block-image size-large\"><img decoding=\"async\" loading=\"lazy\" width=\"600\" height=\"400\" data-id=\"20119\" src=\"https:\/\/www.entrerrianodigital.com\/wp-content\/uploads\/2026\/07\/rutadisenotalentoparanaense.jpeg\" alt=\"\" class=\"wp-image-20119\" \/><\/figure>\n<\/figure>\n<p class=\"wp-block-paragraph\">La iniciativa tambi\u00e9n fue valorada por quienes integran el ecosistema emprendedor. Laura Z\u00e1rate, de la marca Malaza, destac\u00f3 la importancia del intercambio entre dise\u00f1adores: \u00abLa primera edici\u00f3n fue una muy buena experiencia y eso nos motiv\u00f3 a volver a participar. Compartir con otros emprendedores, mostrar nuestro trabajo y recibir al p\u00fablico genera nuevas ideas, nos permite aprender y seguir creciendo juntos\u00bb, sostuvo.<\/p>\n<p class=\"wp-block-paragraph\">En el mismo sentido, Georgina Zanaschi, de la marca Geozana, destac\u00f3 el acompa\u00f1amiento del Estado municipal. \u00abEs una propuesta que sigue creciendo y que cada a\u00f1o tiene m\u00e1s impulso. Como emprendedora, contar con el apoyo de la Municipalidad es muy importante para seguir desarrollando nuestro trabajo\u00bb, se\u00f1al\u00f3.<\/p>\n<figure class=\"wp-block-gallery has-nested-images columns-default is-cropped wp-block-gallery-3 is-layout-flex wp-block-gallery-is-layout-flex\">\n<figure class=\"wp-block-image size-large\"><img decoding=\"async\" loading=\"lazy\" width=\"600\" height=\"400\" data-id=\"20118\" src=\"https:\/\/www.entrerrianodigital.com\/wp-content\/uploads\/2026\/07\/rutadisenojornada.jpeg\" alt=\"\" class=\"wp-image-20118\" \/><\/figure>\n<figure class=\"wp-block-image size-large\"><img decoding=\"async\" loading=\"lazy\" width=\"600\" height=\"400\" data-id=\"20116\" src=\"https:\/\/www.entrerrianodigital.com\/wp-content\/uploads\/2026\/07\/paranarutadisenoparana.jpeg\" alt=\"\" class=\"wp-image-20116\" \/><\/figure>\n<figure class=\"wp-block-image size-large\"><img decoding=\"async\" loading=\"lazy\" width=\"600\" height=\"400\" data-id=\"20115\" src=\"https:\/\/www.entrerrianodigital.com\/wp-content\/uploads\/2026\/07\/paranadisenoruta.jpeg\" alt=\"\" class=\"wp-image-20115\" \/><\/figure>\n<\/figure>\n<figure class=\"wp-block-image size-full\"><img decoding=\"async\" loading=\"lazy\" width=\"728\" height=\"90\" src=\"https:\/\/www.entrerrianodigital.com\/wp-content\/uploads\/2024\/07\/07-728-x-90-Julio-Dos-ciudades-pauta-web.jpg\" alt=\"\" class=\"wp-image-19877\" \/><\/figure>\n<p class=\"has-text-align-center wp-block-paragraph\"><strong>La Ruta del Dise\u00f1o Paranaense se consolida como una pol\u00edtica p\u00fablica que impulsa la econom\u00eda creativa, fortalece el trabajo de emprendedores locales y promueve espacios de encuentro entre quienes producen, crean y eligen el dise\u00f1o con identidad paranaense.<\/strong><\/p>\n<h5 class=\"wp-block-heading\">Los 9 puntos de dise\u00f1o que integraron esta edici\u00f3n de la Ruta fueron:<\/h5>\n<p class=\"wp-block-paragraph\"><strong>1. Corrientes 770 | Benditas Mujeres\u00a0<\/strong><br \/>Emprendedores: Clandestina, Laura troc, Popicrea, Asiainobjetos, DM Dise\u00f1os en madera<\/p>\n<p class=\"wp-block-paragraph\"><strong>2. Tucum\u00e1n 452 (Showroom primer piso)<\/strong><br \/>Emprendedores: Geozana, Origen nativo, Jarupkin, Amatista, Benata, Altissima, Morgana Salud Menstrual<\/p>\n<p class=\"wp-block-paragraph\"><strong>3. La Paz 161<\/strong><br \/>Emprendedores: Las Doras, Amuletos, Vitrofusionru, Santa Clorinda, Somos Quenti, Domine_natural, La valija de Morrison, La Caro deco, Yanartresina, Oda Calu<\/p>\n<p class=\"wp-block-paragraph\"><strong>4. Urquiza 1239 | Museo y Mercado de Artesan\u00edas \u00abCarlos Asiain\u00bb<\/strong><br \/>Emprendedores: TRAMAGUA: red de tejedoras<\/p>\n<p class=\"wp-block-paragraph\"><strong>5. Ernesto Bavio &amp; Courreges | Centro Cultural \u00abEl almac\u00e9n de los 33\u00bb<\/strong><br \/>Emprendedores: Ml arte textil, Fugitiva, Ivana Lander, Ni\u00f1a Brocoli, Maurina, Malaza, By Ale, Tejido Urbano, Ms.artesanias, Amarredeco<\/p>\n<p class=\"wp-block-paragraph\"><strong>6. Gral. Pascual Echag\u00fce 590<\/strong><br \/>Emprendedores: Eliana Silvetti Dise\u00f1o, Black Cats, LimaBlue<\/p>\n<p class=\"wp-block-paragraph\"><strong>7. Cura \u00c1lvarez 589<\/strong><br \/>Emprendedores: Telar del Rio, Eleonora Pagotto, Con-tacto cer\u00e1mica, Accesorios del litoral, Eve Bohemia<\/p>\n<p class=\"wp-block-paragraph\"><strong>8. Las lechiguanas 517<\/strong><br \/>Emprendedores: Mil\u00fa, Indie lamps, Con sentidos y Cord\u00f3n de 3 dobleces<\/p>\n<p class=\"wp-block-paragraph\"><strong>9. Arroyo Cazuelas 2765<\/strong><br \/>Emprendedores: El Ba\u00fal de los Regalos y Con.Creces, Aminha_accesoriosentelas e Hilandosonrisasarg<\/p>\n<figure class=\"wp-block-embed is-type-video is-provider-youtube wp-block-embed-youtube wp-embed-aspect-16-9 wp-has-aspect-ratio\">\n<div class=\"wp-block-embed__wrapper\">\n<\/div>\n<\/figure>\n<p>La entrada <a href=\"https:\/\/www.entrerrianodigital.com\/la-ruta-del-diseno-paranaense-convoco-a-la-comunidad-en-una-jornada-dedicada-al-talento-creativo-local\/\">La Ruta del Dise\u00f1o paranaense convoc\u00f3 a la comunidad en una jornada dedicada al talento creativo local<\/a> se public\u00f3 primero en <a href=\"https:\/\/www.entrerrianodigital.com\/\">Entrerriano Digital<\/a>.<\/p>\n<p>\u00a0Con la participaci\u00f3n de m\u00e1s de 50 emprendimientos, la segunda edici\u00f3n de la Ruta del Dise\u00f1o Paranaense permiti\u00f3 recorrer nueve espacios creativos de la ciudad, donde el p\u00fablico conoci\u00f3 de cerca los procesos de producci\u00f3n, las propuestas de dise\u00f1o y el trabajo de emprendedores que fortalecen la identidad y la econom\u00eda creativa de Paran\u00e1.<br \/>\nLa entrada La Ruta del Dise\u00f1o paranaense convoc\u00f3 a la comunidad en una jornada dedicada al talento creativo local se public\u00f3 primero en Entrerriano Digital.<\/p>","protected":false},"excerpt":{"rendered":"<div class=\"mh-excerpt\"><p>\u200b\u00a0 \u200b\u00a0 \u200b La iniciativa forma parte del programa Dise\u00f1a Paran\u00e1, impulsado por la Municipalidad de Paran\u00e1 junto al Consejo Asesor de Marca Paran\u00e1, y <a class=\"mh-excerpt-more\" href=\"https:\/\/fmlibertadfeliciano.com.ar\/?p=4157\" title=\"La Ruta del Dise\u00f1o paranaense convoc\u00f3 a la comunidad en una jornada dedicada al talento creativo local\">[&#8230;]<\/a><\/p>\n<\/div>","protected":false},"author":1,"featured_media":4158,"comment_status":"open","ping_status":"open","sticky":false,"template":"","format":"standard","meta":{"footnotes":""},"categories":[1],"tags":[],"class_list":["post-4157","post","type-post","status-publish","format-standard","has-post-thumbnail","hentry","category-sin-categoria"],"_links":{"self":[{"href":"https:\/\/fmlibertadfeliciano.com.ar\/index.php?rest_route=\/wp\/v2\/posts\/4157","targetHints":{"allow":["GET"]}}],"collection":[{"href":"https:\/\/fmlibertadfeliciano.com.ar\/index.php?rest_route=\/wp\/v2\/posts"}],"about":[{"href":"https:\/\/fmlibertadfeliciano.com.ar\/index.php?rest_route=\/wp\/v2\/types\/post"}],"author":[{"embeddable":true,"href":"https:\/\/fmlibertadfeliciano.com.ar\/index.php?rest_route=\/wp\/v2\/users\/1"}],"replies":[{"embeddable":true,"href":"https:\/\/fmlibertadfeliciano.com.ar\/index.php?rest_route=%2Fwp%2Fv2%2Fcomments&post=4157"}],"version-history":[{"count":0,"href":"https:\/\/fmlibertadfeliciano.com.ar\/index.php?rest_route=\/wp\/v2\/posts\/4157\/revisions"}],"wp:featuredmedia":[{"embeddable":true,"href":"https:\/\/fmlibertadfeliciano.com.ar\/index.php?rest_route=\/wp\/v2\/media\/4158"}],"wp:attachment":[{"href":"https:\/\/fmlibertadfeliciano.com.ar\/index.php?rest_route=%2Fwp%2Fv2%2Fmedia&parent=4157"}],"wp:term":[{"taxonomy":"category","embeddable":true,"href":"https:\/\/fmlibertadfeliciano.com.ar\/index.php?rest_route=%2Fwp%2Fv2%2Fcategories&post=4157"},{"taxonomy":"post_tag","embeddable":true,"href":"https:\/\/fmlibertadfeliciano.com.ar\/index.php?rest_route=%2Fwp%2Fv2%2Ftags&post=4157"}],"curies":[{"name":"wp","href":"https:\/\/api.w.org\/{rel}","templated":true}]}}