{"id":4566,"date":"2026-08-31T14:03:48","date_gmt":"2026-08-31T14:03:48","guid":{"rendered":"https:\/\/fmlibertadfeliciano.com.ar\/?p=4566"},"modified":"2026-08-31T14:03:48","modified_gmt":"2026-08-31T14:03:48","slug":"maraton","status":"publish","type":"post","link":"https:\/\/fmlibertadfeliciano.com.ar\/?p=4566","title":{"rendered":"Marat\u00f3n"},"content":{"rendered":"<p>\u200b\u00a0<\/p>\n<p>\u200b\u00a0<\/p>\n<p>\u200b<span class=\"cb-itemprop\"><\/span><\/p>\n<p>\u00a0<\/p>\n<p>Este fin de semana la Facultad de Ciencias de la Gesti\u00f3n de la Universidad Aut\u00f3noma de Entre R\u00edos (Uader) particip\u00f3 de la 13\u00b0 edici\u00f3n de la Marat\u00f3n de los Ni\u00f1os, que se desarroll\u00f3 en el Paseo de los P\u00e1jaros. La actividad cont\u00f3 con la participaci\u00f3n del decano de la Facultad, Rom\u00e1n Scattini, quien valor\u00f3 la contribuci\u00f3n de la secretar\u00eda de Bienestar en este acontecimiento y el rol de Uader con distintos stands que disfrutaron las familias que concurrieron. Con la participaci\u00f3n de m\u00e1s de 400 personas, la propuesta busc\u00f3 ser una jornada deportiva y recreativa para promover la actividad f\u00edsica desde las infancias mediante carreras adaptadas a diferentes edades. Asimismo tuvieron lugar juegos, sorteos, exhibiciones y otras propuestas de las que particip\u00f3 la Secretar\u00eda de Bienestar. En paralelo esta edici\u00f3n tuvo un componente solidario: se invit\u00f3 a quienes concurrieran a colaborar con paquetes de pa\u00f1ales que ser\u00e1n destinados al Hospital Materno Infantil San Roque. \u201cTuvimos el placer de participar y acompa\u00f1ar esta propuesta\u201d, valor\u00f3 la secretaria de Bienestar de la Facultad de Ciencias de la Facultad, Melisa L\u00f3pez, quien detall\u00f3 que se colabor\u00f3 con un stand de juegos interactivos donde las infancias pudieron disfrutar de un momento de distenci\u00f3n. \u201cFue muy valioso para nuestra Facultad poder participar de este evento social, cuyo objetivo es un bien com\u00fan\u201d, cerr\u00f3.<\/p>\n<p>\u00a0<\/p>\n<p>\u00a0<\/p>\n<p>De la Redacci\u00f3n de Entre R\u00edos Ahora<\/p>\n<p>\u00a0<\/p>\n<p>\u00a0\u00a0 Este fin de semana la Facultad de Ciencias de la Gesti\u00f3n de la Universidad Aut\u00f3noma de Entre R\u00edos (Uader) particip\u00f3 de la 13\u00b0 edici\u00f3n de la Marat\u00f3n de los Ni\u00f1os, que se desarroll\u00f3 en el Paseo de los P\u00e1jaros. La actividad cont\u00f3 con la participaci\u00f3n del decano de la Facultad, Rom\u00e1n Scattini, quien valor\u00f3<\/p>","protected":false},"excerpt":{"rendered":"<div class=\"mh-excerpt\"><p>\u200b\u00a0 \u200b\u00a0 \u200b \u00a0 Este fin de semana la Facultad de Ciencias de la Gesti\u00f3n de la Universidad Aut\u00f3noma de Entre R\u00edos (Uader) particip\u00f3 de <a class=\"mh-excerpt-more\" href=\"https:\/\/fmlibertadfeliciano.com.ar\/?p=4566\" title=\"Marat\u00f3n\">[&#8230;]<\/a><\/p>\n<\/div>","protected":false},"author":1,"featured_media":0,"comment_status":"open","ping_status":"open","sticky":false,"template":"","format":"standard","meta":{"footnotes":""},"categories":[1],"tags":[],"class_list":["post-4566","post","type-post","status-publish","format-standard","hentry","category-sin-categoria"],"_links":{"self":[{"href":"https:\/\/fmlibertadfeliciano.com.ar\/index.php?rest_route=\/wp\/v2\/posts\/4566","targetHints":{"allow":["GET"]}}],"collection":[{"href":"https:\/\/fmlibertadfeliciano.com.ar\/index.php?rest_route=\/wp\/v2\/posts"}],"about":[{"href":"https:\/\/fmlibertadfeliciano.com.ar\/index.php?rest_route=\/wp\/v2\/types\/post"}],"author":[{"embeddable":true,"href":"https:\/\/fmlibertadfeliciano.com.ar\/index.php?rest_route=\/wp\/v2\/users\/1"}],"replies":[{"embeddable":true,"href":"https:\/\/fmlibertadfeliciano.com.ar\/index.php?rest_route=%2Fwp%2Fv2%2Fcomments&post=4566"}],"version-history":[{"count":0,"href":"https:\/\/fmlibertadfeliciano.com.ar\/index.php?rest_route=\/wp\/v2\/posts\/4566\/revisions"}],"wp:attachment":[{"href":"https:\/\/fmlibertadfeliciano.com.ar\/index.php?rest_route=%2Fwp%2Fv2%2Fmedia&parent=4566"}],"wp:term":[{"taxonomy":"category","embeddable":true,"href":"https:\/\/fmlibertadfeliciano.com.ar\/index.php?rest_route=%2Fwp%2Fv2%2Fcategories&post=4566"},{"taxonomy":"post_tag","embeddable":true,"href":"https:\/\/fmlibertadfeliciano.com.ar\/index.php?rest_route=%2Fwp%2Fv2%2Ftags&post=4566"}],"curies":[{"name":"wp","href":"https:\/\/api.w.org\/{rel}","templated":true}]}}