{"id":4569,"date":"2026-08-31T12:46:16","date_gmt":"2026-08-31T12:46:16","guid":{"rendered":"https:\/\/fmlibertadfeliciano.com.ar\/?p=4569"},"modified":"2026-08-31T12:46:16","modified_gmt":"2026-08-31T12:46:16","slug":"la-iglesia-advirtio-sobre-el-endeudamiento-de-las-familias-argentinas-y-pidio-que-el-gobierno-no-tenga-una-mirada-superficial","status":"publish","type":"post","link":"https:\/\/fmlibertadfeliciano.com.ar\/?p=4569","title":{"rendered":"La Iglesia advirti\u00f3 sobre el endeudamiento de las familias argentinas y pidi\u00f3 que el Gobierno no tenga \u201cuna mirada superficial\u201d"},"content":{"rendered":"<p>\u200b\u00a0<\/p>\n<p>\u200b\u00a0<\/p>\n<p>\u200b<\/p>\n<figure>\n                        <img decoding=\"async\" src=\"https:\/\/apfdigital-s3.cdn.net.ar\/s3i233\/2026\/08\/apfdigital\/images\/02\/74\/89\/2748996_84899259a9b9c5951a20399e82facbbca0c3cc6e673041ffe02ece0a0ef6cc8b\/md.webp\" alt=\"\" class=\"type:primaryImage\" \/><figcaption><\/figcaption><\/figure>\n<p>\u00a0El titular de la Conferencia Episcopal, Marcelo Colombo, se refiri\u00f3 al aumento de la morosidad y exigi\u00f3 alg\u00fan tipo de regulaci\u00f3n ante deudas que calific\u00f3 de abusivas desde el momento en que se contraen.<\/p>","protected":false},"excerpt":{"rendered":"<div class=\"mh-excerpt\"><p>\u200b\u00a0 \u200b\u00a0 \u200b \u00a0El titular de la Conferencia Episcopal, Marcelo Colombo, se refiri\u00f3 al aumento de la morosidad y exigi\u00f3 alg\u00fan tipo de regulaci\u00f3n ante <a class=\"mh-excerpt-more\" href=\"https:\/\/fmlibertadfeliciano.com.ar\/?p=4569\" title=\"La Iglesia advirti\u00f3 sobre el endeudamiento de las familias argentinas y pidi\u00f3 que el Gobierno no tenga \u201cuna mirada superficial\u201d\">[&#8230;]<\/a><\/p>\n<\/div>","protected":false},"author":1,"featured_media":4570,"comment_status":"open","ping_status":"open","sticky":false,"template":"","format":"standard","meta":{"footnotes":""},"categories":[1],"tags":[],"class_list":["post-4569","post","type-post","status-publish","format-standard","has-post-thumbnail","hentry","category-sin-categoria"],"_links":{"self":[{"href":"https:\/\/fmlibertadfeliciano.com.ar\/index.php?rest_route=\/wp\/v2\/posts\/4569","targetHints":{"allow":["GET"]}}],"collection":[{"href":"https:\/\/fmlibertadfeliciano.com.ar\/index.php?rest_route=\/wp\/v2\/posts"}],"about":[{"href":"https:\/\/fmlibertadfeliciano.com.ar\/index.php?rest_route=\/wp\/v2\/types\/post"}],"author":[{"embeddable":true,"href":"https:\/\/fmlibertadfeliciano.com.ar\/index.php?rest_route=\/wp\/v2\/users\/1"}],"replies":[{"embeddable":true,"href":"https:\/\/fmlibertadfeliciano.com.ar\/index.php?rest_route=%2Fwp%2Fv2%2Fcomments&post=4569"}],"version-history":[{"count":0,"href":"https:\/\/fmlibertadfeliciano.com.ar\/index.php?rest_route=\/wp\/v2\/posts\/4569\/revisions"}],"wp:featuredmedia":[{"embeddable":true,"href":"https:\/\/fmlibertadfeliciano.com.ar\/index.php?rest_route=\/wp\/v2\/media\/4570"}],"wp:attachment":[{"href":"https:\/\/fmlibertadfeliciano.com.ar\/index.php?rest_route=%2Fwp%2Fv2%2Fmedia&parent=4569"}],"wp:term":[{"taxonomy":"category","embeddable":true,"href":"https:\/\/fmlibertadfeliciano.com.ar\/index.php?rest_route=%2Fwp%2Fv2%2Fcategories&post=4569"},{"taxonomy":"post_tag","embeddable":true,"href":"https:\/\/fmlibertadfeliciano.com.ar\/index.php?rest_route=%2Fwp%2Fv2%2Ftags&post=4569"}],"curies":[{"name":"wp","href":"https:\/\/api.w.org\/{rel}","templated":true}]}}