{"id":4571,"date":"2026-08-31T10:32:16","date_gmt":"2026-08-31T10:32:16","guid":{"rendered":"https:\/\/fmlibertadfeliciano.com.ar\/?p=4571"},"modified":"2026-08-31T10:32:16","modified_gmt":"2026-08-31T10:32:16","slug":"tiene-14-anos-vive-en-el-campo-cordobes-y-construyo-un-tractor-con-piezas-recuperadas-tras-un-tornado","status":"publish","type":"post","link":"https:\/\/fmlibertadfeliciano.com.ar\/?p=4571","title":{"rendered":"Tiene 14 a\u00f1os, vive en el campo cordob\u00e9s y construy\u00f3 un tractor con piezas recuperadas tras un tornado"},"content":{"rendered":"<p>\u200b\u00a0<\/p>\n<p>\u200b\u00a0<\/p>\n<p>\u200b<\/p>\n<figure class=\"wp-block-image size-full\"><img loading=\"lazy\" decoding=\"async\" width=\"765\" height=\"510\" src=\"https:\/\/www.diariolagacela.com.ar\/wp-content\/uploads\/2026\/08\/a.webp\" alt=\"\" class=\"wp-image-21308\" \/><\/figure>\n<p>Thiago Pr\u00edncipe, de San Ambrosio, sigue los pasos de su hermano Joel, conocido como el \u201cDa Vinci cordob\u00e9s\u201d, y sorprende con sus proyectos mec\u00e1nicos hechos con repuestos reutilizados.<\/p>\n<p>En un galp\u00f3n rural de la zona de San Ambrosio, cerca de R\u00edo Cuarto, un adolescente de 14 a\u00f1os convirti\u00f3 la curiosidad y la pasi\u00f3n por la mec\u00e1nica en una historia que despert\u00f3 admiraci\u00f3n dentro y fuera del agro cordob\u00e9s. Se trata de Thiago Pr\u00edncipe, quien construy\u00f3 su propio tractor utilizando piezas y materiales recuperados en el campo.<\/p>\n<p>La historia se hizo conocida a trav\u00e9s de un video publicado por su hermano Joel Pr\u00edncipe, reconocido por sus desarrollos tecnol\u00f3gicos aplicados al agro y apodado por muchos como el \u201cDa Vinci cordob\u00e9s\u201d.<\/p>\n<p>Pero ahora es Thiago quien capta la atenci\u00f3n con un proyecto que refleja aprendizaje, creatividad y trabajo manual desde temprana edad.<\/p>\n<p><strong>Un taller convertido en aula<\/strong><\/p>\n<p>Durante la semana, Thiago cursa sus estudios en el Colegio Salesiano Don Ambrosio. Cuando regresa a su casa, una de sus primeras actividades es dirigirse al galp\u00f3n familiar para continuar trabajando en sus proyectos.<\/p>\n<p>Su padre, Hugo Pr\u00edncipe, cont\u00f3 que el inter\u00e9s por la mec\u00e1nica comenz\u00f3 hace varios a\u00f1os.<\/p>\n<p>\u201cA los 11 a\u00f1os arregl\u00f3 su primer motor y despu\u00e9s logr\u00f3 armar una camionetita que ten\u00eda una forma rara, pero andaba\u201d, relat\u00f3.<\/p>\n<p>La familia se dedica a la actividad agropecuaria y al trabajo con maquinaria agr\u00edcola, un entorno donde el joven creci\u00f3 rodeado de herramientas, motores y procesos de reparaci\u00f3n.<\/p>\n<p><strong>Construir con lo que hay<\/strong><\/p>\n<p>Uno de los aspectos que m\u00e1s destacan sus padres es la capacidad de Thiago para reutilizar materiales disponibles.<\/p>\n<p>Seg\u00fan explic\u00f3 Hugo, muchas de las piezas empleadas en sus proyectos provienen de objetos que quedaron dispersos o da\u00f1ados tras el paso de un tornado por la zona.<\/p>\n<p>\u201cVa construyendo con lo que encuentra; va recuperando y arma con lo que tiene\u201d, se\u00f1al\u00f3.<\/p>\n<p>Esa l\u00f3gica de aprovechamiento de recursos fue clave para el desarrollo del tractor que actualmente despierta inter\u00e9s entre productores y vecinos de la regi\u00f3n.<\/p>\n<p>Para el \u00faltimo D\u00eda del Ni\u00f1o, lejos de pedir juguetes tradicionales, Thiago eligi\u00f3 herramientas. \u201cPidi\u00f3 un juego de llaves para seguir trabajando\u201d, cont\u00f3 su padre.<\/p>\n<p><strong>Una pasi\u00f3n que viene de lejos<\/strong><\/p>\n<p>No es la primera vez que el joven se destaca por sus iniciativas. En 2022, cuando ten\u00eda apenas nueve a\u00f1os, construy\u00f3 un karting durante las vacaciones utilizando materiales disponibles en el taller familiar.<\/p>\n<p>En aquel momento explic\u00f3 con sencillez c\u00f3mo surgi\u00f3 la idea: \u201cEstaba aburrido y me puse a hacerlo\u201d.<\/p>\n<p>Desde peque\u00f1o aprendi\u00f3 a utilizar herramientas bajo la supervisi\u00f3n de sus padres y hermanos. Uno de ellos, Lucas, fue quien le ense\u00f1\u00f3 a soldar y a dar sus primeros pasos en trabajos mec\u00e1nicos.<\/p>\n<p><strong>Orgullo familiar y arraigo rural<\/strong><\/p>\n<p>M\u00e1s all\u00e1 de los proyectos, la familia destaca valores como el esfuerzo, la autonom\u00eda y el v\u00ednculo con la vida rural.<\/p>\n<p>\u201cNos sacamos el sombrero ante \u00e9l. Nos da mucho orgullo\u201d, expres\u00f3 Hugo.<\/p>\n<p>Seg\u00fan contaron sus padres, Thiago disfruta compartir tiempo con trabajadores rurales, aprender sobre maquinaria y participar de las actividades cotidianas del campo.<\/p>\n<p>La historia tambi\u00e9n se convirti\u00f3 en una reivindicaci\u00f3n de las oportunidades que ofrece el interior productivo. \u201cEn el campo hay trabajo, hay posibilidades\u201d, reflexion\u00f3 Hugo.<\/p>\n<p>Mientras Joel contin\u00faa desarrollando innovaciones tecnol\u00f3gicas para el agro, Thiago avanza en su propio camino. Con perfil bajo, alpargatas y muchas horas de taller, el adolescente cordob\u00e9s ya demuestra que la pasi\u00f3n por crear y resolver problemas tambi\u00e9n puede comenzar entre fierros, repuestos y sue\u00f1os construidos a mano.<\/p>\n<p>La entrada <a href=\"https:\/\/www.diariolagacela.com.ar\/regionales\/tiene-14-anos-vive-en-el-campo-cordobes-y-construyo-un-tractor-con-piezas-recuperadas-tras-un-tornado\/\">Tiene 14 a\u00f1os, vive en el campo cordob\u00e9s y construy\u00f3 un tractor con piezas recuperadas tras un tornado<\/a> se public\u00f3 primero en <a href=\"https:\/\/www.diariolagacela.com.ar\/\">Diario La Gacela<\/a>.<\/p>\n<p>\u00a0Thiago Pr\u00edncipe, de San Ambrosio, sigue los pasos de su hermano Joel, conocido como el \u201cDa Vinci cordob\u00e9s\u201d, y sorprende con sus proyectos mec\u00e1nicos hechos con repuestos reutilizados. En un\u2026<br \/>\nLa entrada Tiene 14 a\u00f1os, vive en el campo cordob\u00e9s y construy\u00f3 un tractor con piezas recuperadas tras un tornado se public\u00f3 primero en Diario La Gacela.<\/p>","protected":false},"excerpt":{"rendered":"<div class=\"mh-excerpt\"><p>\u200b\u00a0 \u200b\u00a0 \u200b Thiago Pr\u00edncipe, de San Ambrosio, sigue los pasos de su hermano Joel, conocido como el \u201cDa Vinci cordob\u00e9s\u201d, y sorprende con sus <a class=\"mh-excerpt-more\" href=\"https:\/\/fmlibertadfeliciano.com.ar\/?p=4571\" title=\"Tiene 14 a\u00f1os, vive en el campo cordob\u00e9s y construy\u00f3 un tractor con piezas recuperadas tras un tornado\">[&#8230;]<\/a><\/p>\n<\/div>","protected":false},"author":1,"featured_media":4572,"comment_status":"open","ping_status":"open","sticky":false,"template":"","format":"standard","meta":{"footnotes":""},"categories":[1],"tags":[],"class_list":["post-4571","post","type-post","status-publish","format-standard","has-post-thumbnail","hentry","category-sin-categoria"],"_links":{"self":[{"href":"https:\/\/fmlibertadfeliciano.com.ar\/index.php?rest_route=\/wp\/v2\/posts\/4571","targetHints":{"allow":["GET"]}}],"collection":[{"href":"https:\/\/fmlibertadfeliciano.com.ar\/index.php?rest_route=\/wp\/v2\/posts"}],"about":[{"href":"https:\/\/fmlibertadfeliciano.com.ar\/index.php?rest_route=\/wp\/v2\/types\/post"}],"author":[{"embeddable":true,"href":"https:\/\/fmlibertadfeliciano.com.ar\/index.php?rest_route=\/wp\/v2\/users\/1"}],"replies":[{"embeddable":true,"href":"https:\/\/fmlibertadfeliciano.com.ar\/index.php?rest_route=%2Fwp%2Fv2%2Fcomments&post=4571"}],"version-history":[{"count":0,"href":"https:\/\/fmlibertadfeliciano.com.ar\/index.php?rest_route=\/wp\/v2\/posts\/4571\/revisions"}],"wp:featuredmedia":[{"embeddable":true,"href":"https:\/\/fmlibertadfeliciano.com.ar\/index.php?rest_route=\/wp\/v2\/media\/4572"}],"wp:attachment":[{"href":"https:\/\/fmlibertadfeliciano.com.ar\/index.php?rest_route=%2Fwp%2Fv2%2Fmedia&parent=4571"}],"wp:term":[{"taxonomy":"category","embeddable":true,"href":"https:\/\/fmlibertadfeliciano.com.ar\/index.php?rest_route=%2Fwp%2Fv2%2Fcategories&post=4571"},{"taxonomy":"post_tag","embeddable":true,"href":"https:\/\/fmlibertadfeliciano.com.ar\/index.php?rest_route=%2Fwp%2Fv2%2Ftags&post=4571"}],"curies":[{"name":"wp","href":"https:\/\/api.w.org\/{rel}","templated":true}]}}