{"id":4575,"date":"2026-09-01T13:52:31","date_gmt":"2026-09-01T13:52:31","guid":{"rendered":"https:\/\/fmlibertadfeliciano.com.ar\/?p=4575"},"modified":"2026-09-01T13:52:31","modified_gmt":"2026-09-01T13:52:31","slug":"realizaran-trabajos-en-la-cabecera-santafecina-en-el-tunel-subfluvial","status":"publish","type":"post","link":"https:\/\/fmlibertadfeliciano.com.ar\/?p=4575","title":{"rendered":"Realizar\u00e1n trabajos en la cabecera santafecina en el T\u00fanel Subfluvial"},"content":{"rendered":"<p>\u200b\u00a0<\/p>\n<p>\u200b\u00a0<\/p>\n<p>\u200b<\/p>\n<p class=\"wp-block-paragraph\"><strong>Por lo cual, se solicita a los conductores circular con precauci\u00f3n, atender las indicaciones del personal apostado en el lugar y respetar la se\u00f1alizaci\u00f3n transitoria.<\/strong><\/p>\n<p class=\"wp-block-paragraph\">Las tareas comprenden el perfilamiento de banquinas y del cantero central en el tramo de recta del lado santafesino. Se trata de una intervenci\u00f3n preventiva que permitir\u00e1 mejorar el drenaje lateral y evitar anegamientos en la calzada ante eventuales precipitaciones, garantizando mejores condiciones de seguridad vial.<\/p>\n<figure class=\"wp-block-gallery has-nested-images columns-default is-cropped wp-block-gallery-1 is-layout-flex wp-block-gallery-is-layout-flex\">\n<figure class=\"wp-block-image size-large\"><img loading=\"lazy\" decoding=\"async\" width=\"600\" height=\"450\" data-id=\"21481\" src=\"https:\/\/www.entrerrianodigital.com\/wp-content\/uploads\/2026\/09\/cabecerasantafesinatunel.jpeg\" alt=\"\" class=\"wp-image-21481\" \/><\/figure>\n<figure class=\"wp-block-image size-large\"><img loading=\"lazy\" decoding=\"async\" width=\"600\" height=\"450\" data-id=\"21479\" src=\"https:\/\/www.entrerrianodigital.com\/wp-content\/uploads\/2026\/09\/accesotunelsantafe.jpeg\" alt=\"\" class=\"wp-image-21479\" \/><\/figure>\n<\/figure>\n<p class=\"wp-block-paragraph\">Para la ejecuci\u00f3n de los trabajos se contrat\u00f3 equipamiento especializado de la firma Servicios Pedrin S.A., que incluye motoniveladora, minicargadora y camiones.<\/p>\n<div class=\"entre-grupo-slider-rotativo-entre-noticias-pc entre-entity-placement\">\n<div class=\"ed-banner\"><a href=\"https:\/\/www.concordia.gob.ar\/\" aria-label=\"Copia de banners web desarrollo economico \u2013 728 x 90\"><img loading=\"lazy\" decoding=\"async\" src=\"https:\/\/www.entrerrianodigital.com\/wp-content\/uploads\/2024\/11\/Copia-de-banners-web-desarrollo-economico-728-x-90.png\" alt=\"\" width=\"729\" height=\"91\" \/><\/a><\/div>\n<\/div>\n<p class=\"wp-block-paragraph\">Por tal motivo, y a fin de resguardar la seguridad de los usuarios, se realizar\u00e1 una reducci\u00f3n de calzada con desv\u00edo de tr\u00e1nsito en la recta de Santa Fe, en ambos sentidos de circulaci\u00f3n.<\/p>\n<p class=\"wp-block-paragraph\"><strong>El T\u00fanel Subfluvial agradece la comprensi\u00f3n y colaboraci\u00f3n de los usuarios.<\/strong><\/p>\n<p>La entrada <a href=\"https:\/\/www.entrerrianodigital.com\/realizaran-trabajos-en-la-cabecera-santafecina-en-el-tunel-subfluvial\/\">Realizar\u00e1n trabajos en la cabecera santafecina en el T\u00fanel Subfluvial<\/a> se public\u00f3 primero en <a href=\"https:\/\/www.entrerrianodigital.com\/\">Entrerriano Digital<\/a>.<\/p>\n<p>\u00a0Se realizar\u00e1n trabajos en el T\u00fanel Subfluvial Ra\u00fal Uranga &#8211; Carlos Sylvestre los d\u00edas martes 2 y mi\u00e9rcoles 3 de septiembre, por lo cual se realizar\u00e1 una reducci\u00f3n de calzada con desv\u00edo de tr\u00e1nsito en la recta de Santa Fe, en ambos sentidos de circulaci\u00f3n.<br \/>\nLa entrada Realizar\u00e1n trabajos en la cabecera santafecina en el T\u00fanel Subfluvial se public\u00f3 primero en Entrerriano Digital.<\/p>","protected":false},"excerpt":{"rendered":"<div class=\"mh-excerpt\"><p>\u200b\u00a0 \u200b\u00a0 \u200b Por lo cual, se solicita a los conductores circular con precauci\u00f3n, atender las indicaciones del personal apostado en el lugar y respetar <a class=\"mh-excerpt-more\" href=\"https:\/\/fmlibertadfeliciano.com.ar\/?p=4575\" title=\"Realizar\u00e1n trabajos en la cabecera santafecina en el T\u00fanel Subfluvial\">[&#8230;]<\/a><\/p>\n<\/div>","protected":false},"author":1,"featured_media":4576,"comment_status":"open","ping_status":"open","sticky":false,"template":"","format":"standard","meta":{"footnotes":""},"categories":[1],"tags":[],"class_list":["post-4575","post","type-post","status-publish","format-standard","has-post-thumbnail","hentry","category-sin-categoria"],"_links":{"self":[{"href":"https:\/\/fmlibertadfeliciano.com.ar\/index.php?rest_route=\/wp\/v2\/posts\/4575","targetHints":{"allow":["GET"]}}],"collection":[{"href":"https:\/\/fmlibertadfeliciano.com.ar\/index.php?rest_route=\/wp\/v2\/posts"}],"about":[{"href":"https:\/\/fmlibertadfeliciano.com.ar\/index.php?rest_route=\/wp\/v2\/types\/post"}],"author":[{"embeddable":true,"href":"https:\/\/fmlibertadfeliciano.com.ar\/index.php?rest_route=\/wp\/v2\/users\/1"}],"replies":[{"embeddable":true,"href":"https:\/\/fmlibertadfeliciano.com.ar\/index.php?rest_route=%2Fwp%2Fv2%2Fcomments&post=4575"}],"version-history":[{"count":0,"href":"https:\/\/fmlibertadfeliciano.com.ar\/index.php?rest_route=\/wp\/v2\/posts\/4575\/revisions"}],"wp:featuredmedia":[{"embeddable":true,"href":"https:\/\/fmlibertadfeliciano.com.ar\/index.php?rest_route=\/wp\/v2\/media\/4576"}],"wp:attachment":[{"href":"https:\/\/fmlibertadfeliciano.com.ar\/index.php?rest_route=%2Fwp%2Fv2%2Fmedia&parent=4575"}],"wp:term":[{"taxonomy":"category","embeddable":true,"href":"https:\/\/fmlibertadfeliciano.com.ar\/index.php?rest_route=%2Fwp%2Fv2%2Fcategories&post=4575"},{"taxonomy":"post_tag","embeddable":true,"href":"https:\/\/fmlibertadfeliciano.com.ar\/index.php?rest_route=%2Fwp%2Fv2%2Ftags&post=4575"}],"curies":[{"name":"wp","href":"https:\/\/api.w.org\/{rel}","templated":true}]}}