{"id":4577,"date":"2026-09-01T12:23:45","date_gmt":"2026-09-01T12:23:45","guid":{"rendered":"https:\/\/fmlibertadfeliciano.com.ar\/?p=4577"},"modified":"2026-09-01T12:23:45","modified_gmt":"2026-09-01T12:23:45","slug":"nuevos-detalles-de-la-llegada-del-papa-la-misa-central-sera-en-el-monumento-a-los-espanoles-y-se-confirmo-la-visita-al-penal-de-devoto","status":"publish","type":"post","link":"https:\/\/fmlibertadfeliciano.com.ar\/?p=4577","title":{"rendered":"Nuevos detalles de la llegada del Papa: la misa central ser\u00e1 en el Monumento a los Espa\u00f1oles y se confirm\u00f3 la visita al penal de Devoto"},"content":{"rendered":"<p>\u200b\u00a0<\/p>\n<p>\u200b\u00a0<\/p>\n<p>\u200b<\/p>\n<figure>\n                        <img decoding=\"async\" src=\"https:\/\/apfdigital-s3.cdn.net.ar\/s3i233\/2026\/09\/apfdigital\/images\/02\/75\/05\/2750509_211626471adeac9c7d6b6a1f8fc1c9c87e8dc0f571ac8e270a4a3ff986430e96\/md.webp\" alt=\"\" class=\"type:primaryImage\" \/><figcaption><\/figcaption><\/figure>\n<p>\u00a0El arzobispo porte\u00f1o confirm\u00f3 que el barrio de Palermo albergar\u00e1 dos de los actos m\u00e1s convocantes de la visita pontificia, descartando estadios que hubieran limitado la concurrencia a decenas de miles de personas.<\/p>","protected":false},"excerpt":{"rendered":"<div class=\"mh-excerpt\"><p>\u200b\u00a0 \u200b\u00a0 \u200b \u00a0El arzobispo porte\u00f1o confirm\u00f3 que el barrio de Palermo albergar\u00e1 dos de los actos m\u00e1s convocantes de la visita pontificia, descartando estadios <a class=\"mh-excerpt-more\" href=\"https:\/\/fmlibertadfeliciano.com.ar\/?p=4577\" title=\"Nuevos detalles de la llegada del Papa: la misa central ser\u00e1 en el Monumento a los Espa\u00f1oles y se confirm\u00f3 la visita al penal de Devoto\">[&#8230;]<\/a><\/p>\n<\/div>","protected":false},"author":1,"featured_media":4578,"comment_status":"open","ping_status":"open","sticky":false,"template":"","format":"standard","meta":{"footnotes":""},"categories":[1],"tags":[],"class_list":["post-4577","post","type-post","status-publish","format-standard","has-post-thumbnail","hentry","category-sin-categoria"],"_links":{"self":[{"href":"https:\/\/fmlibertadfeliciano.com.ar\/index.php?rest_route=\/wp\/v2\/posts\/4577","targetHints":{"allow":["GET"]}}],"collection":[{"href":"https:\/\/fmlibertadfeliciano.com.ar\/index.php?rest_route=\/wp\/v2\/posts"}],"about":[{"href":"https:\/\/fmlibertadfeliciano.com.ar\/index.php?rest_route=\/wp\/v2\/types\/post"}],"author":[{"embeddable":true,"href":"https:\/\/fmlibertadfeliciano.com.ar\/index.php?rest_route=\/wp\/v2\/users\/1"}],"replies":[{"embeddable":true,"href":"https:\/\/fmlibertadfeliciano.com.ar\/index.php?rest_route=%2Fwp%2Fv2%2Fcomments&post=4577"}],"version-history":[{"count":0,"href":"https:\/\/fmlibertadfeliciano.com.ar\/index.php?rest_route=\/wp\/v2\/posts\/4577\/revisions"}],"wp:featuredmedia":[{"embeddable":true,"href":"https:\/\/fmlibertadfeliciano.com.ar\/index.php?rest_route=\/wp\/v2\/media\/4578"}],"wp:attachment":[{"href":"https:\/\/fmlibertadfeliciano.com.ar\/index.php?rest_route=%2Fwp%2Fv2%2Fmedia&parent=4577"}],"wp:term":[{"taxonomy":"category","embeddable":true,"href":"https:\/\/fmlibertadfeliciano.com.ar\/index.php?rest_route=%2Fwp%2Fv2%2Fcategories&post=4577"},{"taxonomy":"post_tag","embeddable":true,"href":"https:\/\/fmlibertadfeliciano.com.ar\/index.php?rest_route=%2Fwp%2Fv2%2Ftags&post=4577"}],"curies":[{"name":"wp","href":"https:\/\/api.w.org\/{rel}","templated":true}]}}