{"id":4579,"date":"2026-09-01T09:48:56","date_gmt":"2026-09-01T09:48:56","guid":{"rendered":"https:\/\/fmlibertadfeliciano.com.ar\/?p=4579"},"modified":"2026-09-01T09:48:56","modified_gmt":"2026-09-01T09:48:56","slug":"cayeron-los-nacimientos-matrimonios-y-tramites-de-dni-en-entre-rios-las-cifras-de-los-ultimos-anos","status":"publish","type":"post","link":"https:\/\/fmlibertadfeliciano.com.ar\/?p=4579","title":{"rendered":"Cayeron los nacimientos, matrimonios y tr\u00e1mites de DNI en Entre R\u00edos: las cifras de los \u00faltimos a\u00f1os"},"content":{"rendered":"<p>\u200b\u00a0<\/p>\n<p>\u200b\u00a0<\/p>\n<p>\u200b<\/p>\n<figure class=\"wp-block-image size-large\"><img loading=\"lazy\" decoding=\"async\" width=\"1024\" height=\"683\" src=\"https:\/\/www.diariolagacela.com.ar\/wp-content\/uploads\/2026\/09\/l_1788220368_82064-1024x683.webp\" alt=\"\" class=\"wp-image-21321\" \/><\/figure>\n<p>Datos oficiales muestran una reducci\u00f3n de nacimientos, matrimonios, uniones convivenciales y tr\u00e1mites de documentaci\u00f3n en Entre R\u00edos. Entre 2024 y 2025, las gestiones de DNI y pasaporte disminuyeron un 10,5%.<\/p>\n<p>Los nacimientos, matrimonios, uniones convivenciales y tr\u00e1mites de documentaci\u00f3n registraron una ca\u00edda en Entre R\u00edos durante los \u00faltimos a\u00f1os, seg\u00fan datos proporcionados por organismos provinciales en respuesta a un pedido de acceso a la informaci\u00f3n p\u00fablica. Entre los n\u00fameros m\u00e1s significativos aparece la reducci\u00f3n de los nacimientos, que pasaron de 14.245 en 2023 a 12.569 en 2025.<\/p>\n<p>El relevamiento tambi\u00e9n muestra una disminuci\u00f3n en el conjunto de actos civiles. El total pas\u00f3 de 31.446 registros en 2023 a 29.724 en 2025, lo que representa una contracci\u00f3n del 5,5% en dos a\u00f1os, public\u00f3 An\u00e1lisis.<\/p>\n<p>Los datos fueron aportados por la Direcci\u00f3n General del Registro del Estado Civil y Capacidad de las Personas de Entre R\u00edos. La respuesta oficial lleva la firma de su titular, Jos\u00e9 Luciano Fettolini, quien precis\u00f3 que asumi\u00f3 la conducci\u00f3n del organismo el 7 de agosto de 2025.<\/p>\n<p><strong>Qu\u00e9 pas\u00f3 con los nacimientos en Entre R\u00edos<\/strong><\/p>\n<p>Los registros oficiales indican que hubo 14.245 nacimientos en 2023, cifra que descendi\u00f3 a 12.751 en 2024 y nuevamente a 12.569 durante 2025. Para el primer semestre de 2026 se informaron 7.643 nacimientos.<\/p>\n<p>Las defunciones tuvieron un comportamiento diferente: pasaron de 10.909 en 2023 a 12.022 en 2024, para posteriormente retroceder hasta 11.507 durante 2025.<\/p>\n<p>Tambi\u00e9n disminuyeron los matrimonios y las uniones convivenciales. Los primeros pasaron de 3.560 a 3.481 entre 2023 y 2025, mientras que las uniones convivenciales bajaron de 2.642 a 2.167, equivalente a una reducci\u00f3n cercana al 18%.<\/p>\n<p><strong>Paran\u00e1 tambi\u00e9n registr\u00f3 menos nacimientos<\/strong><\/p>\n<p>El detalle correspondiente a los nacimientos ocurridos en hospitales p\u00fablicos muestra una tendencia similar. Paran\u00e1, que concentra la mayor cantidad de partos de la provincia, pas\u00f3 de 2.192 nacimientos durante 2023 a 2.118 en 2025.<\/p>\n<p>En Concordia, en cambio, los registros se mantuvieron estables, con 1.772 nacimientos tanto en 2024 como en 2025. En localidades de menor poblaci\u00f3n, como Federal, se contabilizaron entre 189 y 201 nacimientos anuales.<\/p>\n<p>En el conjunto de los hospitales p\u00fablicos entrerrianos, los nacimientos disminuyeron de 6.940 en 2023 a 6.859 durante 2025.<\/p>\n<p><strong>Fuerte ca\u00edda de los tr\u00e1mites de DNI y pasaporte<\/strong><\/p>\n<p>Una disminuci\u00f3n m\u00e1s pronunciada aparece en los tr\u00e1mites de DNI y pasaporte. Durante 2024 se realizaron 132.283 gestiones, mientras que en 2025 fueron 118.390, lo que representa una ca\u00edda del 10,5%.<\/p>\n<p>Durante el primer semestre de 2026 se contabilizaron 63.218 tr\u00e1mites. Si ese ritmo se mantuviera durante la segunda mitad del a\u00f1o, el total rondar\u00eda las 126.000 gestiones, por encima de 2025 pero todav\u00eda por debajo del nivel alcanzado en 2024.<\/p>\n<p>El Registro Civil cuenta actualmente con cinco dependencias administrativas, un Archivo General y 96 oficinas delegaciones distribuidas en todo el territorio provincial.<\/p>\n<p><strong>Los tr\u00e1mites judiciales bajaron de m\u00e1s de un a\u00f1o a 60 d\u00edas<\/strong><\/p>\n<p>Entre los datos destacados por el organismo aparece la reducci\u00f3n de los tiempos administrativos vinculados con oficios judiciales sobre divorcios, adopciones, restricciones a la capacidad y otras actuaciones.<\/p>\n<p>Seg\u00fan la respuesta oficial, el tiempo entre la recepci\u00f3n de un oficio y su toma de raz\u00f3n era superior a un a\u00f1o durante 2023, descendi\u00f3 a ocho meses en 2024 y lleg\u00f3 a 60 d\u00edas en 2026.<\/p>\n<p>El organismo se\u00f1al\u00f3 que se priorizan las inscripciones relacionadas con adopciones, cambios de g\u00e9nero y filiaciones, \u201cen virtud del respeto a los Derechos de las Ni\u00f1as, Ni\u00f1os y Adolescentes\u201d. Sin embargo, aclar\u00f3 que desde 2025 modific\u00f3 la metodolog\u00eda utilizada para medir el proceso, por lo que la comparaci\u00f3n entre los extremos del per\u00edodo debe ser considerada teniendo en cuenta ese cambio.<\/p>\n<p><strong>Solo la mitad del archivo hist\u00f3rico est\u00e1 digitalizado<\/strong><\/p>\n<p>La transformaci\u00f3n tecnol\u00f3gica todav\u00eda tiene un importante camino por recorrer. El Registro Civil conserva aproximadamente 30.000 libros en papel correspondientes al per\u00edodo 1887-2016, de los cuales el 50% se encuentra totalmente digitalizado.<\/p>\n<p>Desde 2017, en cambio, todos los nuevos actos registrales son generados digitalmente. Actualmente, el trabajo sobre los documentos hist\u00f3ricos se concentra principalmente en Paran\u00e1, Concepci\u00f3n del Uruguay y Concordia.<\/p>\n<p>De las 96 oficinas existentes en Entre R\u00edos, 25 ya funcionan completamente digitalizadas. El proceso se enmarca en un proyecto de informatizaci\u00f3n iniciado entre 2023 y 2024 con el objetivo de resguardar documentaci\u00f3n y reducir tiempos administrativos.<\/p>\n<p><strong>M\u00e1s de 100 actas por d\u00eda a trav\u00e9s de Mi Entre R\u00edos<\/strong><\/p>\n<p>La incorporaci\u00f3n de herramientas digitales tambi\u00e9n modific\u00f3 la necesidad de concurrir personalmente a las dependencias. Seg\u00fan los datos oficiales, la presencialidad para retirar actas era del 100% en 2023, descendi\u00f3 al 85% durante 2024 y lleg\u00f3 al 50% desde septiembre de 2025.<\/p>\n<p>Uno de los factores que explican esa reducci\u00f3n es la utilizaci\u00f3n de la aplicaci\u00f3n Mi Entre R\u00edos. Actualmente, el organismo recibe m\u00e1s de 100 pedidos diarios de actas mediante esa plataforma.<\/p>\n<p>Cuando el documento solicitado ya se encuentra digitalizado, la entrega es pr\u00e1cticamente inmediata. En cambio, los pedidos que requieren una b\u00fasqueda manual en los archivos f\u00edsicos pueden demorar entre cinco y 15 d\u00edas.<\/p>\n<p><strong>Nuevas oficinas y equipamiento<\/strong><\/p>\n<p>Como parte del proceso de modernizaci\u00f3n, el Registro Civil recibi\u00f3 cinco esc\u00e1neres y adquiri\u00f3 otros cuatro equipos propios. Adem\u00e1s, incorpor\u00f3 15 equipos biom\u00e9tricos completos del RENAPER y cinco impresoras.<\/p>\n<p>Tambi\u00e9n comenz\u00f3 a funcionar una nueva oficina en Gilbert, departamento Gualeguaych\u00fa, mientras que existen otras cuatro dependencias en distintas etapas de apertura en los hospitales de Nogoy\u00e1, Victoria y La Paz, y en Colonia Ayu\u00ed.<\/p>\n<p><strong>La v\u00eda digital ya concentra el 63,5% de algunos tr\u00e1mites<\/strong><\/p>\n<p>La plataforma Mi Entre R\u00edos comenz\u00f3 a utilizarse en Personas Jur\u00eddicas el 1\u00ba de mayo de 2026 para tres gestiones espec\u00edficas: presentaci\u00f3n de asambleas, domicilio electr\u00f3nico y documentaci\u00f3n complementaria.<\/p>\n<p>Hasta el 21 de agosto, el sistema hab\u00eda recibido 1.735 presentaciones digitales sobre un total de 2.731, por lo que el 63,5% de esos tr\u00e1mites ya se canaliza de manera digital.<\/p>\n<p>Public\u00f3 El Once<\/p>\n<p>La entrada <a href=\"https:\/\/www.diariolagacela.com.ar\/regionales\/cayeron-los-nacimientos-matrimonios-y-tramites-de-dni-en-entre-rios-las-cifras-de-los-ultimos-anos\/\">Cayeron los nacimientos, matrimonios y tr\u00e1mites de DNI en Entre R\u00edos: las cifras de los \u00faltimos a\u00f1os<\/a> se public\u00f3 primero en <a href=\"https:\/\/www.diariolagacela.com.ar\/\">Diario La Gacela<\/a>.<\/p>\n<p>\u00a0Datos oficiales muestran una reducci\u00f3n de nacimientos, matrimonios, uniones convivenciales y tr\u00e1mites de documentaci\u00f3n en Entre R\u00edos. Entre 2024 y 2025, las gestiones de DNI y pasaporte disminuyeron un 10,5%.\u2026<br \/>\nLa entrada Cayeron los nacimientos, matrimonios y tr\u00e1mites de DNI en Entre R\u00edos: las cifras de los \u00faltimos a\u00f1os se public\u00f3 primero en Diario La Gacela.<\/p>","protected":false},"excerpt":{"rendered":"<div class=\"mh-excerpt\"><p>\u200b\u00a0 \u200b\u00a0 \u200b Datos oficiales muestran una reducci\u00f3n de nacimientos, matrimonios, uniones convivenciales y tr\u00e1mites de documentaci\u00f3n en Entre R\u00edos. Entre 2024 y 2025, las <a class=\"mh-excerpt-more\" href=\"https:\/\/fmlibertadfeliciano.com.ar\/?p=4579\" title=\"Cayeron los nacimientos, matrimonios y tr\u00e1mites de DNI en Entre R\u00edos: las cifras de los \u00faltimos a\u00f1os\">[&#8230;]<\/a><\/p>\n<\/div>","protected":false},"author":1,"featured_media":4580,"comment_status":"open","ping_status":"open","sticky":false,"template":"","format":"standard","meta":{"footnotes":""},"categories":[1],"tags":[],"class_list":["post-4579","post","type-post","status-publish","format-standard","has-post-thumbnail","hentry","category-sin-categoria"],"_links":{"self":[{"href":"https:\/\/fmlibertadfeliciano.com.ar\/index.php?rest_route=\/wp\/v2\/posts\/4579","targetHints":{"allow":["GET"]}}],"collection":[{"href":"https:\/\/fmlibertadfeliciano.com.ar\/index.php?rest_route=\/wp\/v2\/posts"}],"about":[{"href":"https:\/\/fmlibertadfeliciano.com.ar\/index.php?rest_route=\/wp\/v2\/types\/post"}],"author":[{"embeddable":true,"href":"https:\/\/fmlibertadfeliciano.com.ar\/index.php?rest_route=\/wp\/v2\/users\/1"}],"replies":[{"embeddable":true,"href":"https:\/\/fmlibertadfeliciano.com.ar\/index.php?rest_route=%2Fwp%2Fv2%2Fcomments&post=4579"}],"version-history":[{"count":0,"href":"https:\/\/fmlibertadfeliciano.com.ar\/index.php?rest_route=\/wp\/v2\/posts\/4579\/revisions"}],"wp:featuredmedia":[{"embeddable":true,"href":"https:\/\/fmlibertadfeliciano.com.ar\/index.php?rest_route=\/wp\/v2\/media\/4580"}],"wp:attachment":[{"href":"https:\/\/fmlibertadfeliciano.com.ar\/index.php?rest_route=%2Fwp%2Fv2%2Fmedia&parent=4579"}],"wp:term":[{"taxonomy":"category","embeddable":true,"href":"https:\/\/fmlibertadfeliciano.com.ar\/index.php?rest_route=%2Fwp%2Fv2%2Fcategories&post=4579"},{"taxonomy":"post_tag","embeddable":true,"href":"https:\/\/fmlibertadfeliciano.com.ar\/index.php?rest_route=%2Fwp%2Fv2%2Ftags&post=4579"}],"curies":[{"name":"wp","href":"https:\/\/api.w.org\/{rel}","templated":true}]}}