{"id":4581,"date":"2026-09-01T09:44:44","date_gmt":"2026-09-01T09:44:44","guid":{"rendered":"https:\/\/fmlibertadfeliciano.com.ar\/?p=4581"},"modified":"2026-09-01T09:44:44","modified_gmt":"2026-09-01T09:44:44","slug":"concordia-joven-se-descompenso-durante-un-partido-de-futbol-familiares-piden-oraciones-por-su-recuperacion","status":"publish","type":"post","link":"https:\/\/fmlibertadfeliciano.com.ar\/?p=4581","title":{"rendered":"Concordia: joven se descompens\u00f3 durante un partido de f\u00fatbol. familiares piden oraciones por su recuperaci\u00f3n"},"content":{"rendered":"<p>\u200b\u00a0<\/p>\n<p>\u200b\u00a0<\/p>\n<p>\u200b<\/p>\n<figure class=\"wp-block-image size-full\"><img loading=\"lazy\" decoding=\"async\" width=\"870\" height=\"580\" src=\"https:\/\/www.diariolagacela.com.ar\/wp-content\/uploads\/2026\/09\/l_1788199268.jpg\" alt=\"\" class=\"wp-image-21318\" \/><\/figure>\n<p>Este domingo se disput\u00f3 la fecha 3 del torneo clausura de la Copa Centenario de la Liga Concordiense de f\u00fatbol. Durante el encuentro de primera divisi\u00f3n entre La Bianca y Constituci\u00f3n se vivieron momentos de tensi\u00f3n. A los 30 minutos del segundo tiempo el jugador del \u201cConti\u201d Gabriel Carrera sufri\u00f3 una descompensaci\u00f3n y fue trasladado al hospital Delicia Concepci\u00f3n Masvernat, lugar en el que permanece internado en terapia intensiva.<\/p>\n<p>Seg\u00fan pudo saber El Entre R\u00edos, Carrera, de 18 a\u00f1os, hab\u00eda sufrido un golpe en su cabeza durante una jugada minutos antes de desplomarse. En ese momento el \u00e1rbitro par\u00f3 el partido, \u00e9l sali\u00f3 para ser atendido y manifest\u00f3 que pod\u00eda seguir jugando, pero 5 minutos despu\u00e9s, mientras corr\u00eda en un contraataque de su equipo, se desvaneci\u00f3 y comenz\u00f3 a convulsionar.<\/p>\n<p>Momentos de desesperaci\u00f3n se vivieron hasta que, 5 minuto despu\u00e9s, la ambulancia pudo ingresar al campo de juego y recibi\u00f3 reanimaci\u00f3n, antes de ser trasladado.<\/p>\n<p>Horas despu\u00e9s trascendi\u00f3 que hab\u00eda sido derivado a la Unidad de Terapia Intensiva del hospital Delicia Concepci\u00f3n Masvernat.<\/p>\n<p>Seg\u00fan el \u00faltimo parte m\u00e9dico, el joven \u201cpermanece internado en la Unidad de Terapia Intensiva, en estado cr\u00edtico, con asistencia respiratoria mec\u00e1nica\u201d.<\/p>\n<p>\u201cActualmente se encuentra bajo monitoreo y tratamiento m\u00e9dico permanente. Su pron\u00f3stico es reservado, sujeto a la evoluci\u00f3n cl\u00ednica y a la respuesta al tratamiento\u201d, especifica el informe de los profesionales.<\/p>\n<p>Los familiares y amigos de Carrera e hinchas de distintas instituciones deportivas se hicieron eco de la noticia y piden oraciones por su recuperaci\u00f3n.<\/p>\n<p>Public\u00f3 El Entre R\u00edos<\/p>\n<p>La entrada <a href=\"https:\/\/www.diariolagacela.com.ar\/regionales\/concordia-joven-se-descompenso-durante-un-partido-de-futbol-familiares-piden-oraciones-por-su-recuperacion\/\">Concordia: joven se descompens\u00f3 durante un partido de f\u00fatbol. familiares piden oraciones por su recuperaci\u00f3n<\/a> se public\u00f3 primero en <a href=\"https:\/\/www.diariolagacela.com.ar\/\">Diario La Gacela<\/a>.<\/p>\n<p>\u00a0Este domingo se disput\u00f3 la fecha 3 del torneo clausura de la Copa Centenario de la Liga Concordiense de f\u00fatbol. Durante el encuentro de primera divisi\u00f3n entre La Bianca y\u2026<br \/>\nLa entrada Concordia: joven se descompens\u00f3 durante un partido de f\u00fatbol. familiares piden oraciones por su recuperaci\u00f3n se public\u00f3 primero en Diario La Gacela.<\/p>","protected":false},"excerpt":{"rendered":"<div class=\"mh-excerpt\"><p>\u200b\u00a0 \u200b\u00a0 \u200b Este domingo se disput\u00f3 la fecha 3 del torneo clausura de la Copa Centenario de la Liga Concordiense de f\u00fatbol. Durante el <a class=\"mh-excerpt-more\" href=\"https:\/\/fmlibertadfeliciano.com.ar\/?p=4581\" title=\"Concordia: joven se descompens\u00f3 durante un partido de f\u00fatbol. familiares piden oraciones por su recuperaci\u00f3n\">[&#8230;]<\/a><\/p>\n<\/div>","protected":false},"author":1,"featured_media":4582,"comment_status":"open","ping_status":"open","sticky":false,"template":"","format":"standard","meta":{"footnotes":""},"categories":[1],"tags":[],"class_list":["post-4581","post","type-post","status-publish","format-standard","has-post-thumbnail","hentry","category-sin-categoria"],"_links":{"self":[{"href":"https:\/\/fmlibertadfeliciano.com.ar\/index.php?rest_route=\/wp\/v2\/posts\/4581","targetHints":{"allow":["GET"]}}],"collection":[{"href":"https:\/\/fmlibertadfeliciano.com.ar\/index.php?rest_route=\/wp\/v2\/posts"}],"about":[{"href":"https:\/\/fmlibertadfeliciano.com.ar\/index.php?rest_route=\/wp\/v2\/types\/post"}],"author":[{"embeddable":true,"href":"https:\/\/fmlibertadfeliciano.com.ar\/index.php?rest_route=\/wp\/v2\/users\/1"}],"replies":[{"embeddable":true,"href":"https:\/\/fmlibertadfeliciano.com.ar\/index.php?rest_route=%2Fwp%2Fv2%2Fcomments&post=4581"}],"version-history":[{"count":0,"href":"https:\/\/fmlibertadfeliciano.com.ar\/index.php?rest_route=\/wp\/v2\/posts\/4581\/revisions"}],"wp:featuredmedia":[{"embeddable":true,"href":"https:\/\/fmlibertadfeliciano.com.ar\/index.php?rest_route=\/wp\/v2\/media\/4582"}],"wp:attachment":[{"href":"https:\/\/fmlibertadfeliciano.com.ar\/index.php?rest_route=%2Fwp%2Fv2%2Fmedia&parent=4581"}],"wp:term":[{"taxonomy":"category","embeddable":true,"href":"https:\/\/fmlibertadfeliciano.com.ar\/index.php?rest_route=%2Fwp%2Fv2%2Fcategories&post=4581"},{"taxonomy":"post_tag","embeddable":true,"href":"https:\/\/fmlibertadfeliciano.com.ar\/index.php?rest_route=%2Fwp%2Fv2%2Ftags&post=4581"}],"curies":[{"name":"wp","href":"https:\/\/api.w.org\/{rel}","templated":true}]}}