{"id":4583,"date":"2026-09-01T09:36:20","date_gmt":"2026-09-01T09:36:20","guid":{"rendered":"https:\/\/fmlibertadfeliciano.com.ar\/?p=4583"},"modified":"2026-09-01T09:36:20","modified_gmt":"2026-09-01T09:36:20","slug":"concordia-greta-rodriguez-tricampeona-de-la-rustica-missoes","status":"publish","type":"post","link":"https:\/\/fmlibertadfeliciano.com.ar\/?p=4583","title":{"rendered":"Concordia: Greta Rodr\u00edguez, tricampeona de la R\u00fastica Miss\u00f5es"},"content":{"rendered":"<p>\u200b\u00a0<\/p>\n<p>\u200b\u00a0<\/p>\n<p>\u200b<\/p>\n<figure class=\"wp-block-image size-large\"><img loading=\"lazy\" decoding=\"async\" width=\"1024\" height=\"683\" src=\"https:\/\/www.diariolagacela.com.ar\/wp-content\/uploads\/2026\/09\/cc-1024x683.jpg\" alt=\"\" class=\"wp-image-21315\" \/><\/figure>\n<p>Este domingo 30 de agosto, la ciudad brasile\u00f1a de Uruguaiana, en el estado de Rio Grande do Sul, volvi\u00f3 a vivir una verdadera fiesta del atletismo con una nueva edici\u00f3n de la tradicional R\u00fastica Miss\u00f5es.<\/p>\n<p>En el lugar, la concordiense Greta Victoria Rodr\u00edguez, representante del Team Deportes Villa Adela, volvi\u00f3 a demostrar toda su jerarqu\u00eda. Tom\u00f3 la punta desde los primeros metros y no la solt\u00f3 hasta cruzar el arco de llegada, qued\u00e1ndose con el triunfo en los 5.300 metros con un excelente registro de 20:33.<\/p>\n<p>Esta victoria se suma a las obtenidas en 2024 y 2025; donde volvi\u00f3 a consagrarse campeona. En las tres ediciones termin\u00f3 en el primer puesto.<\/p>\n<p>En tanto, la brasile\u00f1a Ana Paula Einsfeld Valandro, con 20:51, finaliz\u00f3 segunda. Mientras que Gabriela Dias Vasconcelos, tambi\u00e9n de Brasil, complet\u00f3 el podio.<\/p>\n<p>BRUNO COLOMBO TAMBI\u00c9N GRIT\u00d3 CAMPE\u00d3N<\/p>\n<p>En la rama masculina, otra enorme actuaci\u00f3n argentina lleg\u00f3 de la mano de Bruno Ignacio Colombo Medina, tambi\u00e9n integrante del Team Deportes Villa Adela.<\/p>\n<p>Bruno sali\u00f3 decidido y fue el primer atleta en cruzar el arco de llegada, qued\u00e1ndose con la victoria con un tiempo de 16:08.<\/p>\n<p>El representante argentino, que ya hab\u00eda ganado esta competencia en 2024, volvi\u00f3 a subir a lo m\u00e1s alto del podio y se qued\u00f3 con una nueva victoria en tierras brasile\u00f1as.<\/p>\n<p>Por su parte, el brasile\u00f1o Carlos Gon\u00e7alves, con 16:28, termin\u00f3 segundo, mientras que Lucas Gon\u00e7alves Romero, con 16:59, complet\u00f3 el podio.<\/p>\n<p>CLASIFICACI\u00d3N \u2013 5.300 METROS<\/p>\n<p>CABALLEROS<\/p>\n<p>1ro Bruno Ignacio Colombo Medina <img decoding=\"async\" src=\"https:\/\/s.w.org\/images\/core\/emoji\/14.0.0\/72x72\/1f1e6-1f1f7.png\" alt=\"\ud83c\udde6\ud83c\uddf7\" class=\"wp-smiley\" \/> \u2013 Team Deportes Villa Adela \u2013 16:08<\/p>\n<p>2do Carlos Gon\u00e7alves <img decoding=\"async\" src=\"https:\/\/s.w.org\/images\/core\/emoji\/14.0.0\/72x72\/1f1e7-1f1f7.png\" alt=\"\ud83c\udde7\ud83c\uddf7\" class=\"wp-smiley\" \/> \u2013 ANR Adidas \u2013 16:28<\/p>\n<p>3ro Lucas Gon\u00e7alves Romero <img decoding=\"async\" src=\"https:\/\/s.w.org\/images\/core\/emoji\/14.0.0\/72x72\/1f1e7-1f1f7.png\" alt=\"\ud83c\udde7\ud83c\uddf7\" class=\"wp-smiley\" \/> \u2013 ANR Iju\u00ed \u2013 16:59<\/p>\n<p>4to Davi Nunes Marques <img decoding=\"async\" src=\"https:\/\/s.w.org\/images\/core\/emoji\/14.0.0\/72x72\/1f1e6-1f1f7.png\" alt=\"\ud83c\udde6\ud83c\uddf7\" class=\"wp-smiley\" \/> \u2013 Noroeste \u2013 17:29<\/p>\n<p>5to Otavio Caligari M. <img decoding=\"async\" src=\"https:\/\/s.w.org\/images\/core\/emoji\/14.0.0\/72x72\/1f1e7-1f1f7.png\" alt=\"\ud83c\udde7\ud83c\uddf7\" class=\"wp-smiley\" \/> \u2013 17:46<\/p>\n<p>DAMAS<\/p>\n<p>1ro Greta Victoria Rodr\u00edguez <img decoding=\"async\" src=\"https:\/\/s.w.org\/images\/core\/emoji\/14.0.0\/72x72\/1f1e6-1f1f7.png\" alt=\"\ud83c\udde6\ud83c\uddf7\" class=\"wp-smiley\" \/> \u2013 Team Deportes Villa Adela \u2013 20:33<\/p>\n<p>2do Ana Paula Einsfeld Valandro <img decoding=\"async\" src=\"https:\/\/s.w.org\/images\/core\/emoji\/14.0.0\/72x72\/1f1e7-1f1f7.png\" alt=\"\ud83c\udde7\ud83c\uddf7\" class=\"wp-smiley\" \/> \u2013 ASCORG \u2013 20:51<\/p>\n<p>3ro Gabriela Dias Vasconcelos <img decoding=\"async\" src=\"https:\/\/s.w.org\/images\/core\/emoji\/14.0.0\/72x72\/1f1e7-1f1f7.png\" alt=\"\ud83c\udde7\ud83c\uddf7\" class=\"wp-smiley\" \/> \u2013 22:00<\/p>\n<p>4to Romero Jael F. <img decoding=\"async\" src=\"https:\/\/s.w.org\/images\/core\/emoji\/14.0.0\/72x72\/1f1e6-1f1f7.png\" alt=\"\ud83c\udde6\ud83c\uddf7\" class=\"wp-smiley\" \/> \u2013 Goya, Corrientes \u2013 22:32<\/p>\n<p>5to Romero Judith F. <img decoding=\"async\" src=\"https:\/\/s.w.org\/images\/core\/emoji\/14.0.0\/72x72\/1f1e6-1f1f7.png\" alt=\"\ud83c\udde6\ud83c\uddf7\" class=\"wp-smiley\" \/> \u2013 Goya, Corrientes \u2013 22:46<\/p>\n<p>Public\u00f3 Deportes Villa Adela<\/p>\n<p>La entrada <a href=\"https:\/\/www.diariolagacela.com.ar\/regionales\/concordia-greta-rodriguez-tricampeona-de-la-rustica-missoes\/\">Concordia: Greta Rodr\u00edguez, tricampeona de la R\u00fastica Miss\u00f5es<\/a> se public\u00f3 primero en <a href=\"https:\/\/www.diariolagacela.com.ar\/\">Diario La Gacela<\/a>.<\/p>\n<p>\u00a0Este domingo 30 de agosto, la ciudad brasile\u00f1a de Uruguaiana, en el estado de Rio Grande do Sul, volvi\u00f3 a vivir una verdadera fiesta del atletismo con una nueva edici\u00f3n\u2026<br \/>\nLa entrada Concordia: Greta Rodr\u00edguez, tricampeona de la R\u00fastica Miss\u00f5es se public\u00f3 primero en Diario La Gacela.<\/p>","protected":false},"excerpt":{"rendered":"<div class=\"mh-excerpt\"><p>\u200b\u00a0 \u200b\u00a0 \u200b Este domingo 30 de agosto, la ciudad brasile\u00f1a de Uruguaiana, en el estado de Rio Grande do Sul, volvi\u00f3 a vivir una <a class=\"mh-excerpt-more\" href=\"https:\/\/fmlibertadfeliciano.com.ar\/?p=4583\" title=\"Concordia: Greta Rodr\u00edguez, tricampeona de la R\u00fastica Miss\u00f5es\">[&#8230;]<\/a><\/p>\n<\/div>","protected":false},"author":1,"featured_media":4584,"comment_status":"open","ping_status":"open","sticky":false,"template":"","format":"standard","meta":{"footnotes":""},"categories":[1],"tags":[],"class_list":["post-4583","post","type-post","status-publish","format-standard","has-post-thumbnail","hentry","category-sin-categoria"],"_links":{"self":[{"href":"https:\/\/fmlibertadfeliciano.com.ar\/index.php?rest_route=\/wp\/v2\/posts\/4583","targetHints":{"allow":["GET"]}}],"collection":[{"href":"https:\/\/fmlibertadfeliciano.com.ar\/index.php?rest_route=\/wp\/v2\/posts"}],"about":[{"href":"https:\/\/fmlibertadfeliciano.com.ar\/index.php?rest_route=\/wp\/v2\/types\/post"}],"author":[{"embeddable":true,"href":"https:\/\/fmlibertadfeliciano.com.ar\/index.php?rest_route=\/wp\/v2\/users\/1"}],"replies":[{"embeddable":true,"href":"https:\/\/fmlibertadfeliciano.com.ar\/index.php?rest_route=%2Fwp%2Fv2%2Fcomments&post=4583"}],"version-history":[{"count":0,"href":"https:\/\/fmlibertadfeliciano.com.ar\/index.php?rest_route=\/wp\/v2\/posts\/4583\/revisions"}],"wp:featuredmedia":[{"embeddable":true,"href":"https:\/\/fmlibertadfeliciano.com.ar\/index.php?rest_route=\/wp\/v2\/media\/4584"}],"wp:attachment":[{"href":"https:\/\/fmlibertadfeliciano.com.ar\/index.php?rest_route=%2Fwp%2Fv2%2Fmedia&parent=4583"}],"wp:term":[{"taxonomy":"category","embeddable":true,"href":"https:\/\/fmlibertadfeliciano.com.ar\/index.php?rest_route=%2Fwp%2Fv2%2Fcategories&post=4583"},{"taxonomy":"post_tag","embeddable":true,"href":"https:\/\/fmlibertadfeliciano.com.ar\/index.php?rest_route=%2Fwp%2Fv2%2Ftags&post=4583"}],"curies":[{"name":"wp","href":"https:\/\/api.w.org\/{rel}","templated":true}]}}