{"id":4595,"date":"2026-09-03T13:54:16","date_gmt":"2026-09-03T13:54:16","guid":{"rendered":"https:\/\/fmlibertadfeliciano.com.ar\/?p=4595"},"modified":"2026-09-03T13:54:16","modified_gmt":"2026-09-03T13:54:16","slug":"sectores-de-la-mediana-empresa-presentaron-ante-senadores-nacionales-sus-propuestas-para-la-reactivacion-del-sector","status":"publish","type":"post","link":"https:\/\/fmlibertadfeliciano.com.ar\/?p=4595","title":{"rendered":"Sectores de la mediana empresa presentaron ante senadores nacionales sus propuestas para la reactivaci\u00f3n del sector"},"content":{"rendered":"<p>\u200b\u00a0<\/p>\n<p>\u200b\u00a0<\/p>\n<p>\u200b<\/p>\n<figure>\n                        <img decoding=\"async\" src=\"https:\/\/apfdigital-s3.cdn.net.ar\/s3i233\/2026\/09\/apfdigital\/images\/02\/75\/40\/2754031_bcf9d2ed2f8325efedd0818ffc98ca772bb5d090e1244593f264237a380c828e\/md.webp\" alt=\"\" class=\"type:primaryImage\" \/><figcaption>Foto: CAME<\/figcaption><\/figure>\n<p>\u00a0Durante el encuentro, los peque\u00f1os y medianos empresarios expresaron las diversas dificultades que atraviesan las Pymes: ca\u00edda del consumo, embargos de ARCA, alta presi\u00f3n impositiva, endeudamiento, entre otras. A su vez, remarcaron la falta de di\u00e1logo para buscar soluciones conjuntas.<\/p>","protected":false},"excerpt":{"rendered":"<div class=\"mh-excerpt\"><p>\u200b\u00a0 \u200b\u00a0 \u200b Foto: CAME \u00a0Durante el encuentro, los peque\u00f1os y medianos empresarios expresaron las diversas dificultades que atraviesan las Pymes: ca\u00edda del consumo, embargos <a class=\"mh-excerpt-more\" href=\"https:\/\/fmlibertadfeliciano.com.ar\/?p=4595\" title=\"Sectores de la mediana empresa presentaron ante senadores nacionales sus propuestas para la reactivaci\u00f3n del sector\">[&#8230;]<\/a><\/p>\n<\/div>","protected":false},"author":1,"featured_media":4596,"comment_status":"open","ping_status":"open","sticky":false,"template":"","format":"standard","meta":{"footnotes":""},"categories":[1],"tags":[],"class_list":["post-4595","post","type-post","status-publish","format-standard","has-post-thumbnail","hentry","category-sin-categoria"],"_links":{"self":[{"href":"https:\/\/fmlibertadfeliciano.com.ar\/index.php?rest_route=\/wp\/v2\/posts\/4595","targetHints":{"allow":["GET"]}}],"collection":[{"href":"https:\/\/fmlibertadfeliciano.com.ar\/index.php?rest_route=\/wp\/v2\/posts"}],"about":[{"href":"https:\/\/fmlibertadfeliciano.com.ar\/index.php?rest_route=\/wp\/v2\/types\/post"}],"author":[{"embeddable":true,"href":"https:\/\/fmlibertadfeliciano.com.ar\/index.php?rest_route=\/wp\/v2\/users\/1"}],"replies":[{"embeddable":true,"href":"https:\/\/fmlibertadfeliciano.com.ar\/index.php?rest_route=%2Fwp%2Fv2%2Fcomments&post=4595"}],"version-history":[{"count":0,"href":"https:\/\/fmlibertadfeliciano.com.ar\/index.php?rest_route=\/wp\/v2\/posts\/4595\/revisions"}],"wp:featuredmedia":[{"embeddable":true,"href":"https:\/\/fmlibertadfeliciano.com.ar\/index.php?rest_route=\/wp\/v2\/media\/4596"}],"wp:attachment":[{"href":"https:\/\/fmlibertadfeliciano.com.ar\/index.php?rest_route=%2Fwp%2Fv2%2Fmedia&parent=4595"}],"wp:term":[{"taxonomy":"category","embeddable":true,"href":"https:\/\/fmlibertadfeliciano.com.ar\/index.php?rest_route=%2Fwp%2Fv2%2Fcategories&post=4595"},{"taxonomy":"post_tag","embeddable":true,"href":"https:\/\/fmlibertadfeliciano.com.ar\/index.php?rest_route=%2Fwp%2Fv2%2Ftags&post=4595"}],"curies":[{"name":"wp","href":"https:\/\/api.w.org\/{rel}","templated":true}]}}