{"id":4599,"date":"2026-09-03T10:07:40","date_gmt":"2026-09-03T10:07:40","guid":{"rendered":"https:\/\/fmlibertadfeliciano.com.ar\/?p=4599"},"modified":"2026-09-03T10:07:40","modified_gmt":"2026-09-03T10:07:40","slug":"la-lista-celeste-violeta-se-impuso-con-el-76-de-los-votos-en-las-elecciones-de-ctera","status":"publish","type":"post","link":"https:\/\/fmlibertadfeliciano.com.ar\/?p=4599","title":{"rendered":"La Lista Celeste Violeta se impuso con el 76% de los votos en las elecciones de Ctera"},"content":{"rendered":"<p>\u200b\u00a0<\/p>\n<p>\u200b\u00a0<\/p>\n<p>\u200b<\/p>\n<figure>\n                        <img decoding=\"async\" src=\"https:\/\/apfdigital-s3.cdn.net.ar\/s3i233\/2026\/09\/apfdigital\/images\/02\/75\/36\/2753633_1a9f779b0fad293c5ec04261720bfed5657ac3d8c338ebc94982e59f7e588ef5\/md.webp\" alt=\"\" class=\"type:primaryImage\" \/><figcaption><\/figcaption><\/figure>\n<p>\u00a0La Lista Celeste Violeta, encabezada por Sonia Alesso y Roberto Baradel, se impuso con el 76% de los votos en las elecciones nacionales de la Confederaci\u00f3n de Trabajadores de la Educaci\u00f3n de la Rep\u00fablica Argentina (Ctera), realizadas este mi\u00e9rcoles 2 de septiembre. El resultado fue informado con m\u00e1s del 80% de las mesas escrutadas.<\/p>","protected":false},"excerpt":{"rendered":"<div class=\"mh-excerpt\"><p>\u200b\u00a0 \u200b\u00a0 \u200b \u00a0La Lista Celeste Violeta, encabezada por Sonia Alesso y Roberto Baradel, se impuso con el 76% de los votos en las elecciones <a class=\"mh-excerpt-more\" href=\"https:\/\/fmlibertadfeliciano.com.ar\/?p=4599\" title=\"La Lista Celeste Violeta se impuso con el 76% de los votos en las elecciones de Ctera\">[&#8230;]<\/a><\/p>\n<\/div>","protected":false},"author":1,"featured_media":4600,"comment_status":"open","ping_status":"open","sticky":false,"template":"","format":"standard","meta":{"footnotes":""},"categories":[1],"tags":[],"class_list":["post-4599","post","type-post","status-publish","format-standard","has-post-thumbnail","hentry","category-sin-categoria"],"_links":{"self":[{"href":"https:\/\/fmlibertadfeliciano.com.ar\/index.php?rest_route=\/wp\/v2\/posts\/4599","targetHints":{"allow":["GET"]}}],"collection":[{"href":"https:\/\/fmlibertadfeliciano.com.ar\/index.php?rest_route=\/wp\/v2\/posts"}],"about":[{"href":"https:\/\/fmlibertadfeliciano.com.ar\/index.php?rest_route=\/wp\/v2\/types\/post"}],"author":[{"embeddable":true,"href":"https:\/\/fmlibertadfeliciano.com.ar\/index.php?rest_route=\/wp\/v2\/users\/1"}],"replies":[{"embeddable":true,"href":"https:\/\/fmlibertadfeliciano.com.ar\/index.php?rest_route=%2Fwp%2Fv2%2Fcomments&post=4599"}],"version-history":[{"count":0,"href":"https:\/\/fmlibertadfeliciano.com.ar\/index.php?rest_route=\/wp\/v2\/posts\/4599\/revisions"}],"wp:featuredmedia":[{"embeddable":true,"href":"https:\/\/fmlibertadfeliciano.com.ar\/index.php?rest_route=\/wp\/v2\/media\/4600"}],"wp:attachment":[{"href":"https:\/\/fmlibertadfeliciano.com.ar\/index.php?rest_route=%2Fwp%2Fv2%2Fmedia&parent=4599"}],"wp:term":[{"taxonomy":"category","embeddable":true,"href":"https:\/\/fmlibertadfeliciano.com.ar\/index.php?rest_route=%2Fwp%2Fv2%2Fcategories&post=4599"},{"taxonomy":"post_tag","embeddable":true,"href":"https:\/\/fmlibertadfeliciano.com.ar\/index.php?rest_route=%2Fwp%2Fv2%2Ftags&post=4599"}],"curies":[{"name":"wp","href":"https:\/\/api.w.org\/{rel}","templated":true}]}}