{"id":4601,"date":"2026-09-03T09:57:00","date_gmt":"2026-09-03T09:57:00","guid":{"rendered":"https:\/\/fmlibertadfeliciano.com.ar\/?p=4601"},"modified":"2026-09-03T09:57:00","modified_gmt":"2026-09-03T09:57:00","slug":"caputo-dijo-que-en-dos-anos-aun-habra-gente-que-no-llegue-a-fin-de-mes-no-puedo-hacer-magia","status":"publish","type":"post","link":"https:\/\/fmlibertadfeliciano.com.ar\/?p=4601","title":{"rendered":"Caputo dijo que en dos a\u00f1os a\u00fan habr\u00e1 gente que no llegue a fin de mes: \u201cNo puedo hacer magia\u201d"},"content":{"rendered":"<p>\u200b\u00a0<\/p>\n<p>\u200b\u00a0<\/p>\n<p>\u200b<\/p>\n<figure>\n                        <img decoding=\"async\" src=\"https:\/\/apfdigital-s3.cdn.net.ar\/s3i233\/2026\/09\/apfdigital\/images\/02\/75\/36\/2753626_fdf6887808bfa18087b34839c38dea529bf7386a84415b80b67c90f0c1c743c7\/md.webp\" alt=\"\" class=\"type:primaryImage\" \/><figcaption><\/figcaption><\/figure>\n<p>\u00a0El ministro de Econom\u00eda, Luis Caputo, defendi\u00f3 el rumbo econ\u00f3mico de la gesti\u00f3n del presidente Javier Milei, al asegurar que el camino trazado es el \u00abcorrecto\u00bb, aunque advirti\u00f3 que la recuperaci\u00f3n requiere tiempo y que \u00abdentro de dos a\u00f1os a\u00fan va a haber gente que no va a llegar a fin de mes\u00bb.<\/p>","protected":false},"excerpt":{"rendered":"<div class=\"mh-excerpt\"><p>\u200b\u00a0 \u200b\u00a0 \u200b \u00a0El ministro de Econom\u00eda, Luis Caputo, defendi\u00f3 el rumbo econ\u00f3mico de la gesti\u00f3n del presidente Javier Milei, al asegurar que el camino <a class=\"mh-excerpt-more\" href=\"https:\/\/fmlibertadfeliciano.com.ar\/?p=4601\" title=\"Caputo dijo que en dos a\u00f1os a\u00fan habr\u00e1 gente que no llegue a fin de mes: \u201cNo puedo hacer magia\u201d\">[&#8230;]<\/a><\/p>\n<\/div>","protected":false},"author":1,"featured_media":4602,"comment_status":"open","ping_status":"open","sticky":false,"template":"","format":"standard","meta":{"footnotes":""},"categories":[1],"tags":[],"class_list":["post-4601","post","type-post","status-publish","format-standard","has-post-thumbnail","hentry","category-sin-categoria"],"_links":{"self":[{"href":"https:\/\/fmlibertadfeliciano.com.ar\/index.php?rest_route=\/wp\/v2\/posts\/4601","targetHints":{"allow":["GET"]}}],"collection":[{"href":"https:\/\/fmlibertadfeliciano.com.ar\/index.php?rest_route=\/wp\/v2\/posts"}],"about":[{"href":"https:\/\/fmlibertadfeliciano.com.ar\/index.php?rest_route=\/wp\/v2\/types\/post"}],"author":[{"embeddable":true,"href":"https:\/\/fmlibertadfeliciano.com.ar\/index.php?rest_route=\/wp\/v2\/users\/1"}],"replies":[{"embeddable":true,"href":"https:\/\/fmlibertadfeliciano.com.ar\/index.php?rest_route=%2Fwp%2Fv2%2Fcomments&post=4601"}],"version-history":[{"count":0,"href":"https:\/\/fmlibertadfeliciano.com.ar\/index.php?rest_route=\/wp\/v2\/posts\/4601\/revisions"}],"wp:featuredmedia":[{"embeddable":true,"href":"https:\/\/fmlibertadfeliciano.com.ar\/index.php?rest_route=\/wp\/v2\/media\/4602"}],"wp:attachment":[{"href":"https:\/\/fmlibertadfeliciano.com.ar\/index.php?rest_route=%2Fwp%2Fv2%2Fmedia&parent=4601"}],"wp:term":[{"taxonomy":"category","embeddable":true,"href":"https:\/\/fmlibertadfeliciano.com.ar\/index.php?rest_route=%2Fwp%2Fv2%2Fcategories&post=4601"},{"taxonomy":"post_tag","embeddable":true,"href":"https:\/\/fmlibertadfeliciano.com.ar\/index.php?rest_route=%2Fwp%2Fv2%2Ftags&post=4601"}],"curies":[{"name":"wp","href":"https:\/\/api.w.org\/{rel}","templated":true}]}}