{"id":4603,"date":"2026-09-04T14:24:58","date_gmt":"2026-09-04T14:24:58","guid":{"rendered":"https:\/\/fmlibertadfeliciano.com.ar\/?p=4603"},"modified":"2026-09-04T14:24:58","modified_gmt":"2026-09-04T14:24:58","slug":"tunel","status":"publish","type":"post","link":"https:\/\/fmlibertadfeliciano.com.ar\/?p=4603","title":{"rendered":"T\u00fanel"},"content":{"rendered":"<p>\u200b\u00a0<\/p>\n<p>\u200b\u00a0<\/p>\n<p>\u200b<span class=\"cb-itemprop\"><\/span><\/p>\n<p>\u00a0<\/p>\n<p>En el marco del plan integral de intervenci\u00f3n hidr\u00e1ulica, el Ente Interprovincial T\u00fanel Subfluvial Ra\u00fal Uranga \u2013 Carlos Sylvestre Begnis realiz\u00f3 este viernes tareas de limpieza y desobstrucci\u00f3n de los sistemas de desag\u00fce en distintos sectores de su jurisdicci\u00f3n, en conjunto con Aguas Santafesinas (ASSA). La intervenci\u00f3n form\u00f3 parte de las acciones de mantenimiento preventivo que el Ente desarrolla para conservar en condiciones operativas la infraestructura hidr\u00e1ulica del enlace y favorecer el adecuado escurrimiento del agua durante los episodios de lluvia. Para la ejecuci\u00f3n de los trabajos, Aguas Santafesinas aport\u00f3 personal especializado y un cami\u00f3n desobstructor equipado con tecnolog\u00eda de inyecci\u00f3n de agua a alta presi\u00f3n. El procedimiento permiti\u00f3 remover sedimentos y obstrucciones y recuperar la capacidad de conducci\u00f3n de los desag\u00fces. El operativo comprendi\u00f3 la limpieza de tapas y rejillas selladas ubicadas en las rampas de acceso de las cabeceras entrerriana y santafesina, donde los sistemas de drenaje cumplen un rol fundamental para conducir el agua hacia los sectores de descarga. Asimismo, las tareas se extendieron al cantero central de la recta santafesina, entre el arroyo Las Sand\u00edas y la estaci\u00f3n de peaje, donde fueron intervenidos los 12 desag\u00fces existentes.<\/p>\n<p>\u00a0<\/p>\n<p>De la Redacci\u00f3n de Entre R\u00edos Ahora<\/p>\n<p>\u00a0<\/p>\n<p>\u00a0\u00a0 En el marco del plan integral de intervenci\u00f3n hidr\u00e1ulica, el Ente Interprovincial T\u00fanel Subfluvial Ra\u00fal Uranga \u2013 Carlos Sylvestre Begnis realiz\u00f3 este viernes tareas de limpieza y desobstrucci\u00f3n de los sistemas de desag\u00fce en distintos sectores de su jurisdicci\u00f3n, en conjunto con Aguas Santafesinas (ASSA). La intervenci\u00f3n form\u00f3 parte de las acciones de mantenimiento<\/p>","protected":false},"excerpt":{"rendered":"<div class=\"mh-excerpt\"><p>\u200b\u00a0 \u200b\u00a0 \u200b \u00a0 En el marco del plan integral de intervenci\u00f3n hidr\u00e1ulica, el Ente Interprovincial T\u00fanel Subfluvial Ra\u00fal Uranga \u2013 Carlos Sylvestre Begnis realiz\u00f3 <a class=\"mh-excerpt-more\" href=\"https:\/\/fmlibertadfeliciano.com.ar\/?p=4603\" title=\"T\u00fanel\">[&#8230;]<\/a><\/p>\n<\/div>","protected":false},"author":1,"featured_media":0,"comment_status":"open","ping_status":"open","sticky":false,"template":"","format":"standard","meta":{"footnotes":""},"categories":[1],"tags":[],"class_list":["post-4603","post","type-post","status-publish","format-standard","hentry","category-sin-categoria"],"_links":{"self":[{"href":"https:\/\/fmlibertadfeliciano.com.ar\/index.php?rest_route=\/wp\/v2\/posts\/4603","targetHints":{"allow":["GET"]}}],"collection":[{"href":"https:\/\/fmlibertadfeliciano.com.ar\/index.php?rest_route=\/wp\/v2\/posts"}],"about":[{"href":"https:\/\/fmlibertadfeliciano.com.ar\/index.php?rest_route=\/wp\/v2\/types\/post"}],"author":[{"embeddable":true,"href":"https:\/\/fmlibertadfeliciano.com.ar\/index.php?rest_route=\/wp\/v2\/users\/1"}],"replies":[{"embeddable":true,"href":"https:\/\/fmlibertadfeliciano.com.ar\/index.php?rest_route=%2Fwp%2Fv2%2Fcomments&post=4603"}],"version-history":[{"count":0,"href":"https:\/\/fmlibertadfeliciano.com.ar\/index.php?rest_route=\/wp\/v2\/posts\/4603\/revisions"}],"wp:attachment":[{"href":"https:\/\/fmlibertadfeliciano.com.ar\/index.php?rest_route=%2Fwp%2Fv2%2Fmedia&parent=4603"}],"wp:term":[{"taxonomy":"category","embeddable":true,"href":"https:\/\/fmlibertadfeliciano.com.ar\/index.php?rest_route=%2Fwp%2Fv2%2Fcategories&post=4603"},{"taxonomy":"post_tag","embeddable":true,"href":"https:\/\/fmlibertadfeliciano.com.ar\/index.php?rest_route=%2Fwp%2Fv2%2Ftags&post=4603"}],"curies":[{"name":"wp","href":"https:\/\/api.w.org\/{rel}","templated":true}]}}