{"id":4604,"date":"2026-09-04T14:18:47","date_gmt":"2026-09-04T14:18:47","guid":{"rendered":"https:\/\/fmlibertadfeliciano.com.ar\/?p=4604"},"modified":"2026-09-04T14:18:47","modified_gmt":"2026-09-04T14:18:47","slug":"podologia","status":"publish","type":"post","link":"https:\/\/fmlibertadfeliciano.com.ar\/?p=4604","title":{"rendered":"Podolog\u00eda"},"content":{"rendered":"<p>\u200b\u00a0<\/p>\n<p>\u200b\u00a0<\/p>\n<p>\u200b<span class=\"cb-itemprop\"><\/span><\/p>\n<p>\u00a0<\/p>\n<p>La carrera de Podolog\u00eda Universitaria de la Facultad de Ciencias de la Vida y la Salud de la Universidad Aut\u00f3noma de Entre R\u00edos (Uader) invit\u00f3 a la comunidad a participar de las actividades de terap\u00e9utica podol\u00f3gica que se desarrollar\u00e1n en el marco de las pr\u00e1cticas curriculares preprofesionales. Las jornadas forman parte de la asignatura Pr\u00e1ctica Profesional y estar\u00e1n a cargo de docentes y estudiantes avanzados de la carrera, quienes brindar\u00e1n atenci\u00f3n podol\u00f3gica gratuita a las personas que se acerquen y requieran tratamiento. Estas pr\u00e1cticas constituyen una instancia fundamental para la formaci\u00f3n disciplinar de las y los futuros profesionales, ya que permiten fortalecer la adquisici\u00f3n de conocimientos y habilidades propias del campo profesional en contextos reales de atenci\u00f3n. A su vez, representan una oportunidad para profundizar el compromiso de la Universidad con la comunidad, acercando cuidados y servicios vinculados a la salud podol\u00f3gica. Las actividades se desarrollar\u00e1n los martes y jueves, de 14 a 18, en el primer piso del Complejo Educativo Juan Domingo Per\u00f3n (La Pecera), ubicado en la intersecci\u00f3n de las calles San Mart\u00edn y Carb\u00f3, de la ciudad de Paran\u00e1. El inicio fue el 24 de agosto y proseguir\u00e1n hasta el 17 de noviembre de 2026. Se recomienda contactarse v\u00eda telef\u00f3nica para solicitar turnos, con la docente a cargo: Pod\u00f3loga Pamela Oliva al 343-5003320 (s\u00f3lo mensajes).<\/p>\n<p>\u00a0<\/p>\n<p>De la Redacci\u00f3n de Entre R\u00edos Ahora<\/p>\n<p>\u00a0\u00a0 La carrera de Podolog\u00eda Universitaria de la Facultad de Ciencias de la Vida y la Salud de la Universidad Aut\u00f3noma de Entre R\u00edos (Uader) invit\u00f3 a la comunidad a participar de las actividades de terap\u00e9utica podol\u00f3gica que se desarrollar\u00e1n en el marco de las pr\u00e1cticas curriculares preprofesionales. Las jornadas forman parte de la asignatura<\/p>","protected":false},"excerpt":{"rendered":"<div class=\"mh-excerpt\"><p>\u200b\u00a0 \u200b\u00a0 \u200b \u00a0 La carrera de Podolog\u00eda Universitaria de la Facultad de Ciencias de la Vida y la Salud de la Universidad Aut\u00f3noma de <a class=\"mh-excerpt-more\" href=\"https:\/\/fmlibertadfeliciano.com.ar\/?p=4604\" title=\"Podolog\u00eda\">[&#8230;]<\/a><\/p>\n<\/div>","protected":false},"author":1,"featured_media":0,"comment_status":"open","ping_status":"open","sticky":false,"template":"","format":"standard","meta":{"footnotes":""},"categories":[1],"tags":[],"class_list":["post-4604","post","type-post","status-publish","format-standard","hentry","category-sin-categoria"],"_links":{"self":[{"href":"https:\/\/fmlibertadfeliciano.com.ar\/index.php?rest_route=\/wp\/v2\/posts\/4604","targetHints":{"allow":["GET"]}}],"collection":[{"href":"https:\/\/fmlibertadfeliciano.com.ar\/index.php?rest_route=\/wp\/v2\/posts"}],"about":[{"href":"https:\/\/fmlibertadfeliciano.com.ar\/index.php?rest_route=\/wp\/v2\/types\/post"}],"author":[{"embeddable":true,"href":"https:\/\/fmlibertadfeliciano.com.ar\/index.php?rest_route=\/wp\/v2\/users\/1"}],"replies":[{"embeddable":true,"href":"https:\/\/fmlibertadfeliciano.com.ar\/index.php?rest_route=%2Fwp%2Fv2%2Fcomments&post=4604"}],"version-history":[{"count":0,"href":"https:\/\/fmlibertadfeliciano.com.ar\/index.php?rest_route=\/wp\/v2\/posts\/4604\/revisions"}],"wp:attachment":[{"href":"https:\/\/fmlibertadfeliciano.com.ar\/index.php?rest_route=%2Fwp%2Fv2%2Fmedia&parent=4604"}],"wp:term":[{"taxonomy":"category","embeddable":true,"href":"https:\/\/fmlibertadfeliciano.com.ar\/index.php?rest_route=%2Fwp%2Fv2%2Fcategories&post=4604"},{"taxonomy":"post_tag","embeddable":true,"href":"https:\/\/fmlibertadfeliciano.com.ar\/index.php?rest_route=%2Fwp%2Fv2%2Ftags&post=4604"}],"curies":[{"name":"wp","href":"https:\/\/api.w.org\/{rel}","templated":true}]}}