{"id":4606,"date":"2026-09-04T12:56:25","date_gmt":"2026-09-04T12:56:25","guid":{"rendered":"https:\/\/fmlibertadfeliciano.com.ar\/?p=4606"},"modified":"2026-09-04T12:56:25","modified_gmt":"2026-09-04T12:56:25","slug":"pablo-quirno-revelo-que-la-argentina-tiene-el-respaldo-de-chile-y-advirtio-que-las-empresas-que-operen-en-malvinas-seran-excluidas-de-vaca-muerta","status":"publish","type":"post","link":"https:\/\/fmlibertadfeliciano.com.ar\/?p=4606","title":{"rendered":"Pablo Quirno revel\u00f3 que la Argentina tiene el respaldo de Chile y advirti\u00f3 que las empresas que operen en Malvinas ser\u00e1n excluidas de Vaca Muerta"},"content":{"rendered":"<p>\u200b\u00a0<\/p>\n<p>\u200b\u00a0<\/p>\n<p>\u200b<\/p>\n<figure>\n                        <img decoding=\"async\" src=\"https:\/\/apfdigital-s3.cdn.net.ar\/s3i233\/2026\/09\/apfdigital\/images\/02\/75\/55\/2755501_74dcd62b9a1608d4625ff92ffedd9b6cebd6ea1a293ca5078071f274222f8dcf\/md.webp\" alt=\"\" class=\"type:primaryImage\" \/><figcaption><\/figcaption><\/figure>\n<p>\u00a0El canciller revel\u00f3 que el Gobierno cuenta con el respaldo de Chile en el reclamo de soberan\u00eda sobre las Islas Malvinas. Indic\u00f3 que parte del proceso sobre estas discusiones pasa por \u00abhablar con los pa\u00edses hermanos\u00bb. Adem\u00e1s, advirti\u00f3 que las empresas que operen ah\u00ed sin autorizaci\u00f3n tendr\u00e1n que elegir entre esa actividad o su participaci\u00f3n en proyectos estrat\u00e9gicos del pa\u00eds, como Vaca Muerta.<\/p>","protected":false},"excerpt":{"rendered":"<div class=\"mh-excerpt\"><p>\u200b\u00a0 \u200b\u00a0 \u200b \u00a0El canciller revel\u00f3 que el Gobierno cuenta con el respaldo de Chile en el reclamo de soberan\u00eda sobre las Islas Malvinas. Indic\u00f3 <a class=\"mh-excerpt-more\" href=\"https:\/\/fmlibertadfeliciano.com.ar\/?p=4606\" title=\"Pablo Quirno revel\u00f3 que la Argentina tiene el respaldo de Chile y advirti\u00f3 que las empresas que operen en Malvinas ser\u00e1n excluidas de Vaca Muerta\">[&#8230;]<\/a><\/p>\n<\/div>","protected":false},"author":1,"featured_media":4607,"comment_status":"open","ping_status":"open","sticky":false,"template":"","format":"standard","meta":{"footnotes":""},"categories":[1],"tags":[],"class_list":["post-4606","post","type-post","status-publish","format-standard","has-post-thumbnail","hentry","category-sin-categoria"],"_links":{"self":[{"href":"https:\/\/fmlibertadfeliciano.com.ar\/index.php?rest_route=\/wp\/v2\/posts\/4606","targetHints":{"allow":["GET"]}}],"collection":[{"href":"https:\/\/fmlibertadfeliciano.com.ar\/index.php?rest_route=\/wp\/v2\/posts"}],"about":[{"href":"https:\/\/fmlibertadfeliciano.com.ar\/index.php?rest_route=\/wp\/v2\/types\/post"}],"author":[{"embeddable":true,"href":"https:\/\/fmlibertadfeliciano.com.ar\/index.php?rest_route=\/wp\/v2\/users\/1"}],"replies":[{"embeddable":true,"href":"https:\/\/fmlibertadfeliciano.com.ar\/index.php?rest_route=%2Fwp%2Fv2%2Fcomments&post=4606"}],"version-history":[{"count":0,"href":"https:\/\/fmlibertadfeliciano.com.ar\/index.php?rest_route=\/wp\/v2\/posts\/4606\/revisions"}],"wp:featuredmedia":[{"embeddable":true,"href":"https:\/\/fmlibertadfeliciano.com.ar\/index.php?rest_route=\/wp\/v2\/media\/4607"}],"wp:attachment":[{"href":"https:\/\/fmlibertadfeliciano.com.ar\/index.php?rest_route=%2Fwp%2Fv2%2Fmedia&parent=4606"}],"wp:term":[{"taxonomy":"category","embeddable":true,"href":"https:\/\/fmlibertadfeliciano.com.ar\/index.php?rest_route=%2Fwp%2Fv2%2Fcategories&post=4606"},{"taxonomy":"post_tag","embeddable":true,"href":"https:\/\/fmlibertadfeliciano.com.ar\/index.php?rest_route=%2Fwp%2Fv2%2Ftags&post=4606"}],"curies":[{"name":"wp","href":"https:\/\/api.w.org\/{rel}","templated":true}]}}