{"id":4608,"date":"2026-09-04T10:37:37","date_gmt":"2026-09-04T10:37:37","guid":{"rendered":"https:\/\/fmlibertadfeliciano.com.ar\/?p=4608"},"modified":"2026-09-04T10:37:37","modified_gmt":"2026-09-04T10:37:37","slug":"con-el-tradicional-desfile-y-el-acto-inaugural-comenzo-la-46-edicion-de-la-fiesta-nacional-del-inmigrante-en-obera","status":"publish","type":"post","link":"https:\/\/fmlibertadfeliciano.com.ar\/?p=4608","title":{"rendered":"Con el tradicional desfile y el acto inaugural, comenz\u00f3 la 46 edici\u00f3n de la Fiesta Nacional del Inmigrante en Ober\u00e1"},"content":{"rendered":"<p>\u200b\u00a0<\/p>\n<p>\u200b\u00a0<\/p>\n<p>\u200b<\/p>\n<figure class=\"wp-block-image size-large\"><img loading=\"lazy\" decoding=\"async\" width=\"1024\" height=\"576\" src=\"https:\/\/www.diariolagacela.com.ar\/wp-content\/uploads\/2026\/09\/qq-1024x576.jpeg\" alt=\"\" class=\"wp-image-21347\" \/><\/figure>\n<p>Con un colorido y multitudinario desfile que uni\u00f3 el centro de la ciudad con el Parque de las Naciones, Ober\u00e1 puso en marcha la 46.\u00aa edici\u00f3n de la Fiesta Nacional del Inmigrante, el evento sociocultural m\u00e1s importante de la provincia de Misiones. Las delegaciones de las 16 colectividades, portando trajes t\u00edpicos, banderas y m\u00fasica, marcaron el inicio de once jornadas que prometen mantener vivas las tradiciones de los antepasados a trav\u00e9s de una variada propuesta gastron\u00f3mica, danzas y espect\u00e1culos de primer nivel.<\/p>\n<p>Ober\u00e1, la Capital Nacional del Inmigrante, inaugur\u00f3 oficialmente la 46.\u00aa edici\u00f3n de su celebraci\u00f3n m\u00e1s emblem\u00e1tica, un evento que transforma a la ciudad en el epicentro de la diversidad cultural de Misiones. Durante once d\u00edas, el Parque de las Naciones se convertir\u00e1 en el punto de encuentro de miles de familias que se re\u00fanen para honrar y mantener vivas las tradiciones de sus antepasados.<\/p>\n<p>El punto de partida de los festejos comenz\u00f3 este jueves a las 14:30 con el tradicional desfile que uni\u00f3 el centro de la ciudad con el predio de la fiesta. Las delegaciones de las 16 colectividades, junto a los representantes argentinos, recorrieron las calles obere\u00f1as portando sus trajes t\u00edpicos, banderas y m\u00fasica, en lo que constituye la postal m\u00e1s representativa y colorida de la regi\u00f3n.<\/p>\n<p>La apertura oficial de las puertas del predio se concret\u00f3 a las 18:00 en el acceso de la calle Ucrania. Del acto inaugural participaron el gobernador de la provincia, Hugo Passalacqua; el intendente local, Pablo Hassan; y la presidenta de la Federaci\u00f3n de Colectividades, Marta Wieremey. Las autoridades compartieron el tradicional encendido de la Llama Votiva y el corte de cintas antes de iniciar el recorrido por las casas t\u00edpicas.<\/p>\n<p><strong>Una cartelera que une tradici\u00f3n y espect\u00e1culos<\/strong><\/p>\n<p>Durante la jornada de apertura, que cont\u00f3 con entrada libre y gratuita para todo el p\u00fablico, el escenario mayor recibi\u00f3 a los ballets de las colectividades suiza, italiana, checa, \u00e1rabe, polaca, n\u00f3rdica y ucraniana. Los organizadores confirmaron que m\u00e1s de 4500 bailarines de distintas delegaciones del pa\u00eds y del exterior formar\u00e1n parte de la grilla art\u00edstica a lo largo de las once noches.<\/p>\n<p>Adem\u00e1s de la gastronom\u00eda y las danzas tradicionales, los visitantes que se acerquen al Parque de las Naciones podr\u00e1n recorrer la Feria del Inmigrante, la exposici\u00f3n comercial y la Feria Provincial de Artesan\u00edas. La propuesta musical de este a\u00f1o incluye una cartelera diversa con la presencia de artistas nacionales e internacionales como Jairo, Turf, Los Continuados y el grupo brasile\u00f1o Corpo e Alma.<\/p>\n<p>Uno de los momentos m\u00e1s esperados de la fiesta se vivir\u00e1 el mi\u00e9rcoles 9 de octubre con la realizaci\u00f3n de la Noche de las Colectividades. En esa velada, se presentar\u00e1 a los nuevos representantes culturales de cada colectividad y se llevar\u00e1 a cabo la elecci\u00f3n de la soberana que suceder\u00e1 a la actual Reina Nacional del Inmigrante.<\/p>\n<p>Public\u00f3 Misiones Online<\/p>\n<p>La entrada <a href=\"https:\/\/www.diariolagacela.com.ar\/regionales\/con-el-tradicional-desfile-y-el-acto-inaugural-comenzo-la-46-edicion-de-la-fiesta-nacional-del-inmigrante-en-obera\/\">Con el tradicional desfile y el acto inaugural, comenz\u00f3 la 46 edici\u00f3n de la Fiesta Nacional del Inmigrante en Ober\u00e1<\/a> se public\u00f3 primero en <a href=\"https:\/\/www.diariolagacela.com.ar\/\">Diario La Gacela<\/a>.<\/p>\n<p>\u00a0Con un colorido y multitudinario desfile que uni\u00f3 el centro de la ciudad con el Parque de las Naciones, Ober\u00e1 puso en marcha la 46.\u00aa edici\u00f3n de la Fiesta Nacional\u2026<br \/>\nLa entrada Con el tradicional desfile y el acto inaugural, comenz\u00f3 la 46 edici\u00f3n de la Fiesta Nacional del Inmigrante en Ober\u00e1 se public\u00f3 primero en Diario La Gacela.<\/p>","protected":false},"excerpt":{"rendered":"<div class=\"mh-excerpt\"><p>\u200b\u00a0 \u200b\u00a0 \u200b Con un colorido y multitudinario desfile que uni\u00f3 el centro de la ciudad con el Parque de las Naciones, Ober\u00e1 puso en <a class=\"mh-excerpt-more\" href=\"https:\/\/fmlibertadfeliciano.com.ar\/?p=4608\" title=\"Con el tradicional desfile y el acto inaugural, comenz\u00f3 la 46 edici\u00f3n de la Fiesta Nacional del Inmigrante en Ober\u00e1\">[&#8230;]<\/a><\/p>\n<\/div>","protected":false},"author":1,"featured_media":4609,"comment_status":"open","ping_status":"open","sticky":false,"template":"","format":"standard","meta":{"footnotes":""},"categories":[1],"tags":[],"class_list":["post-4608","post","type-post","status-publish","format-standard","has-post-thumbnail","hentry","category-sin-categoria"],"_links":{"self":[{"href":"https:\/\/fmlibertadfeliciano.com.ar\/index.php?rest_route=\/wp\/v2\/posts\/4608","targetHints":{"allow":["GET"]}}],"collection":[{"href":"https:\/\/fmlibertadfeliciano.com.ar\/index.php?rest_route=\/wp\/v2\/posts"}],"about":[{"href":"https:\/\/fmlibertadfeliciano.com.ar\/index.php?rest_route=\/wp\/v2\/types\/post"}],"author":[{"embeddable":true,"href":"https:\/\/fmlibertadfeliciano.com.ar\/index.php?rest_route=\/wp\/v2\/users\/1"}],"replies":[{"embeddable":true,"href":"https:\/\/fmlibertadfeliciano.com.ar\/index.php?rest_route=%2Fwp%2Fv2%2Fcomments&post=4608"}],"version-history":[{"count":0,"href":"https:\/\/fmlibertadfeliciano.com.ar\/index.php?rest_route=\/wp\/v2\/posts\/4608\/revisions"}],"wp:featuredmedia":[{"embeddable":true,"href":"https:\/\/fmlibertadfeliciano.com.ar\/index.php?rest_route=\/wp\/v2\/media\/4609"}],"wp:attachment":[{"href":"https:\/\/fmlibertadfeliciano.com.ar\/index.php?rest_route=%2Fwp%2Fv2%2Fmedia&parent=4608"}],"wp:term":[{"taxonomy":"category","embeddable":true,"href":"https:\/\/fmlibertadfeliciano.com.ar\/index.php?rest_route=%2Fwp%2Fv2%2Fcategories&post=4608"},{"taxonomy":"post_tag","embeddable":true,"href":"https:\/\/fmlibertadfeliciano.com.ar\/index.php?rest_route=%2Fwp%2Fv2%2Ftags&post=4608"}],"curies":[{"name":"wp","href":"https:\/\/api.w.org\/{rel}","templated":true}]}}