{"id":4612,"date":"2026-09-05T11:52:58","date_gmt":"2026-09-05T11:52:58","guid":{"rendered":"https:\/\/fmlibertadfeliciano.com.ar\/?p=4612"},"modified":"2026-09-05T11:52:58","modified_gmt":"2026-09-05T11:52:58","slug":"la-camara-federal-portena-cerro-la-causa-por-el-prestamo-del-fmi-al-gobierno-de-macri","status":"publish","type":"post","link":"https:\/\/fmlibertadfeliciano.com.ar\/?p=4612","title":{"rendered":"La C\u00e1mara Federal porte\u00f1a cerr\u00f3 la causa por el pr\u00e9stamo del FMI al gobierno de Macri"},"content":{"rendered":"<p>\u200b\u00a0<\/p>\n<p>\u200b\u00a0<\/p>\n<p>\u200b<\/p>\n<figure>\n                        <img decoding=\"async\" src=\"https:\/\/apfdigital-s3.cdn.net.ar\/s3i233\/2026\/09\/apfdigital\/images\/02\/75\/68\/2756898_534f0ba354351cf06a8dcebf2a34e31ed3aae0314865a2c8f8332210b1f8cee7\/md.webp\" alt=\"\" class=\"type:primaryImage\" \/><figcaption><\/figcaption><\/figure>\n<p>\u00a0La C\u00e1mara Federal porte\u00f1a confirm\u00f3 la sentencia por el acuerdo stand by de 2018 y consider\u00f3 que las irregularidades detectadas no implican necesariamente delitos. La causa se inici\u00f3 por la negociaci\u00f3n, suscripci\u00f3n y ejecuci\u00f3n del acuerdo stand by por 57.000 millones de d\u00f3lares, de junio de 2018, en el que, tambi\u00e9n participaron, entre otros, Luis Caputo y Federico Sturzenegger.<\/p>","protected":false},"excerpt":{"rendered":"<div class=\"mh-excerpt\"><p>\u200b\u00a0 \u200b\u00a0 \u200b \u00a0La C\u00e1mara Federal porte\u00f1a confirm\u00f3 la sentencia por el acuerdo stand by de 2018 y consider\u00f3 que las irregularidades detectadas no implican <a class=\"mh-excerpt-more\" href=\"https:\/\/fmlibertadfeliciano.com.ar\/?p=4612\" title=\"La C\u00e1mara Federal porte\u00f1a cerr\u00f3 la causa por el pr\u00e9stamo del FMI al gobierno de Macri\">[&#8230;]<\/a><\/p>\n<\/div>","protected":false},"author":1,"featured_media":4613,"comment_status":"open","ping_status":"open","sticky":false,"template":"","format":"standard","meta":{"footnotes":""},"categories":[1],"tags":[],"class_list":["post-4612","post","type-post","status-publish","format-standard","has-post-thumbnail","hentry","category-sin-categoria"],"_links":{"self":[{"href":"https:\/\/fmlibertadfeliciano.com.ar\/index.php?rest_route=\/wp\/v2\/posts\/4612","targetHints":{"allow":["GET"]}}],"collection":[{"href":"https:\/\/fmlibertadfeliciano.com.ar\/index.php?rest_route=\/wp\/v2\/posts"}],"about":[{"href":"https:\/\/fmlibertadfeliciano.com.ar\/index.php?rest_route=\/wp\/v2\/types\/post"}],"author":[{"embeddable":true,"href":"https:\/\/fmlibertadfeliciano.com.ar\/index.php?rest_route=\/wp\/v2\/users\/1"}],"replies":[{"embeddable":true,"href":"https:\/\/fmlibertadfeliciano.com.ar\/index.php?rest_route=%2Fwp%2Fv2%2Fcomments&post=4612"}],"version-history":[{"count":0,"href":"https:\/\/fmlibertadfeliciano.com.ar\/index.php?rest_route=\/wp\/v2\/posts\/4612\/revisions"}],"wp:featuredmedia":[{"embeddable":true,"href":"https:\/\/fmlibertadfeliciano.com.ar\/index.php?rest_route=\/wp\/v2\/media\/4613"}],"wp:attachment":[{"href":"https:\/\/fmlibertadfeliciano.com.ar\/index.php?rest_route=%2Fwp%2Fv2%2Fmedia&parent=4612"}],"wp:term":[{"taxonomy":"category","embeddable":true,"href":"https:\/\/fmlibertadfeliciano.com.ar\/index.php?rest_route=%2Fwp%2Fv2%2Fcategories&post=4612"},{"taxonomy":"post_tag","embeddable":true,"href":"https:\/\/fmlibertadfeliciano.com.ar\/index.php?rest_route=%2Fwp%2Fv2%2Ftags&post=4612"}],"curies":[{"name":"wp","href":"https:\/\/api.w.org\/{rel}","templated":true}]}}