{"id":4614,"date":"2026-09-05T03:46:17","date_gmt":"2026-09-05T03:46:17","guid":{"rendered":"https:\/\/fmlibertadfeliciano.com.ar\/?p=4614"},"modified":"2026-09-05T03:46:17","modified_gmt":"2026-09-05T03:46:17","slug":"lio-sagrado-un-cronica-fotografica-de-la-fiesta-que-vivimos","status":"publish","type":"post","link":"https:\/\/fmlibertadfeliciano.com.ar\/?p=4614","title":{"rendered":"\u00abL\u00edo Sagrado\u00bb, un cr\u00f3nica fotogr\u00e1fica de la fiesta que vivimos"},"content":{"rendered":"<p>\u200b\u00a0<\/p>\n<p>\u200b\u00a0<\/p>\n<p>\u200b<span class=\"cb-itemprop\"><\/span><\/p>\n<p>\u00a0<\/p>\n<p>La muestra fotogr\u00e1fica \u00abL\u00edo Sagrado\u00bb, un repaso en 25 im\u00e1genes de lo que fueron la previa, los partidos y los festejos de los encuentros de la Selecci\u00f3n Argentina en el Mundial retratadas en distintos puntos de Paran\u00e1, lleg\u00f3 este viernes al Sal\u00f3n Mariano Moreno del Concejo Deliberante de Paran\u00e1.<\/p>\n<p>All\u00ed permanecer\u00e1 expuesta hasta el 21 de este mes para que los vecinos puedan disfrutarla, y encontrarse en alguna de las 25 fotograf\u00edas.<\/p>\n<p>Despu\u00e9s de su primera presentaci\u00f3n, el jueves 27 de agosto, en la Casa de la Cultura, \u00abL\u00edo Sagrado\u00bb lleg\u00f3 al c\u00e9ntro Sal\u00f3n Moreno, un remozado sal\u00f3n en lo que fuera la Farmaia del Indio, en Corrientes y Andr\u00e9s Pazos.<\/p>\n<p>A la presentaci\u00f3n asisti\u00f3 el viceintendente David C\u00e1ceres.<\/p>\n<p>El fotorreportero Mauricio Gar\u00edn, autor de las 25 im\u00e1genes que fueron publicadas en Entre R\u00edos Ahora, cont\u00f3 de la g\u00e9nesis y del desarrollo del proyecto, y de la importancia de rescatar el trabajo period\u00edstico para retratar un momento hist\u00f3rico que vivi\u00f3 la ciudad.<\/p>\n<p><img loading=\"lazy\" decoding=\"async\" class=\"alignnone size-medium wp-image-163575\" src=\"https:\/\/entreriosahora.com\/wp-content\/uploads\/2026\/09\/lio-200x300.jpg\" alt=\"\" width=\"200\" height=\"300\" \/> <img loading=\"lazy\" decoding=\"async\" class=\"alignnone size-medium wp-image-163576\" src=\"https:\/\/entreriosahora.com\/wp-content\/uploads\/2026\/09\/lio1-300x200.jpg\" alt=\"\" width=\"300\" height=\"200\" \/> <img loading=\"lazy\" decoding=\"async\" class=\"alignnone size-medium wp-image-163577\" src=\"https:\/\/entreriosahora.com\/wp-content\/uploads\/2026\/09\/lio2-1-300x200.jpg\" alt=\"\" width=\"300\" height=\"200\" \/> <img decoding=\"async\" loading=\"lazy\" class=\"alignnone size-medium wp-image-163578\" src=\"https:\/\/entreriosahora.com\/wp-content\/uploads\/2026\/09\/lio3-300x200.jpg\" alt=\"\" width=\"300\" height=\"200\" \/> <img decoding=\"async\" loading=\"lazy\" class=\"alignnone size-medium wp-image-163579\" src=\"https:\/\/entreriosahora.com\/wp-content\/uploads\/2026\/09\/lio4-300x200.jpg\" alt=\"\" width=\"300\" height=\"200\" \/> <img decoding=\"async\" loading=\"lazy\" class=\"alignnone size-medium wp-image-163580\" src=\"https:\/\/entreriosahora.com\/wp-content\/uploads\/2026\/09\/lio5-200x300.jpg\" alt=\"\" width=\"200\" height=\"300\" \/> <img decoding=\"async\" loading=\"lazy\" class=\"alignnone size-medium wp-image-163581\" src=\"https:\/\/entreriosahora.com\/wp-content\/uploads\/2026\/09\/lio6-200x300.jpg\" alt=\"\" width=\"200\" height=\"300\" \/> <img decoding=\"async\" loading=\"lazy\" class=\"alignnone size-medium wp-image-163582\" src=\"https:\/\/entreriosahora.com\/wp-content\/uploads\/2026\/09\/lio7-200x300.jpg\" alt=\"\" width=\"200\" height=\"300\" \/> <img decoding=\"async\" loading=\"lazy\" class=\"alignnone size-medium wp-image-163583\" src=\"https:\/\/entreriosahora.com\/wp-content\/uploads\/2026\/09\/lio8-300x200.jpg\" alt=\"\" width=\"300\" height=\"200\" \/><\/p>\n<p>Fotos: Gentileza Gustavo Cabral<\/p>\n<p>De la Redacci\u00f3n de Entre R\u00edos Ahora<\/p>\n<p>\u00a0\u00a0 La muestra fotogr\u00e1fica \u00abL\u00edo Sagrado\u00bb, un repaso en 25 im\u00e1genes de lo que fueron la previa, los partidos y los festejos de los encuentros de la Selecci\u00f3n Argentina en el Mundial retratadas en distintos puntos de Paran\u00e1, lleg\u00f3 este viernes al Sal\u00f3n Mariano Moreno del Concejo Deliberante de Paran\u00e1. All\u00ed permanecer\u00e1 expuesta hasta el<\/p>","protected":false},"excerpt":{"rendered":"<div class=\"mh-excerpt\"><p>\u200b\u00a0 \u200b\u00a0 \u200b \u00a0 La muestra fotogr\u00e1fica \u00abL\u00edo Sagrado\u00bb, un repaso en 25 im\u00e1genes de lo que fueron la previa, los partidos y los festejos <a class=\"mh-excerpt-more\" href=\"https:\/\/fmlibertadfeliciano.com.ar\/?p=4614\" title=\"\u00abL\u00edo Sagrado\u00bb, un cr\u00f3nica fotogr\u00e1fica de la fiesta que vivimos\">[&#8230;]<\/a><\/p>\n<\/div>","protected":false},"author":1,"featured_media":4615,"comment_status":"open","ping_status":"open","sticky":false,"template":"","format":"standard","meta":{"footnotes":""},"categories":[1],"tags":[],"class_list":["post-4614","post","type-post","status-publish","format-standard","has-post-thumbnail","hentry","category-sin-categoria"],"_links":{"self":[{"href":"https:\/\/fmlibertadfeliciano.com.ar\/index.php?rest_route=\/wp\/v2\/posts\/4614","targetHints":{"allow":["GET"]}}],"collection":[{"href":"https:\/\/fmlibertadfeliciano.com.ar\/index.php?rest_route=\/wp\/v2\/posts"}],"about":[{"href":"https:\/\/fmlibertadfeliciano.com.ar\/index.php?rest_route=\/wp\/v2\/types\/post"}],"author":[{"embeddable":true,"href":"https:\/\/fmlibertadfeliciano.com.ar\/index.php?rest_route=\/wp\/v2\/users\/1"}],"replies":[{"embeddable":true,"href":"https:\/\/fmlibertadfeliciano.com.ar\/index.php?rest_route=%2Fwp%2Fv2%2Fcomments&post=4614"}],"version-history":[{"count":0,"href":"https:\/\/fmlibertadfeliciano.com.ar\/index.php?rest_route=\/wp\/v2\/posts\/4614\/revisions"}],"wp:featuredmedia":[{"embeddable":true,"href":"https:\/\/fmlibertadfeliciano.com.ar\/index.php?rest_route=\/wp\/v2\/media\/4615"}],"wp:attachment":[{"href":"https:\/\/fmlibertadfeliciano.com.ar\/index.php?rest_route=%2Fwp%2Fv2%2Fmedia&parent=4614"}],"wp:term":[{"taxonomy":"category","embeddable":true,"href":"https:\/\/fmlibertadfeliciano.com.ar\/index.php?rest_route=%2Fwp%2Fv2%2Fcategories&post=4614"},{"taxonomy":"post_tag","embeddable":true,"href":"https:\/\/fmlibertadfeliciano.com.ar\/index.php?rest_route=%2Fwp%2Fv2%2Ftags&post=4614"}],"curies":[{"name":"wp","href":"https:\/\/api.w.org\/{rel}","templated":true}]}}