{"id":4616,"date":"2026-09-05T03:13:19","date_gmt":"2026-09-05T03:13:19","guid":{"rendered":"https:\/\/fmlibertadfeliciano.com.ar\/?p=4616"},"modified":"2026-09-05T03:13:19","modified_gmt":"2026-09-05T03:13:19","slug":"devuelven-historico-pulpito-a-la-catedral","status":"publish","type":"post","link":"https:\/\/fmlibertadfeliciano.com.ar\/?p=4616","title":{"rendered":"Devuelven hist\u00f3rico p\u00falpito a la Catedral"},"content":{"rendered":"<p>\u200b\u00a0<\/p>\n<p>\u200b\u00a0<\/p>\n<p>\u200b<span class=\"cb-itemprop\"><\/span><\/p>\n<p>\u00a0<\/p>\n<p>El hist\u00f3rico p\u00falpito de la Iglesia Catedral de Paran\u00e1 que por muchos a\u00f1os permaneci\u00f3 en resguardo en el Museo Hist\u00f3rico Martiniano Leguizam\u00f3n, y que el Gobierno restituy\u00f3 a la Iglesia en 2025, ser\u00e1 reintegrado al patrimonio de la Iglesia.<\/p>\n<p>La ceremonia ser\u00e1 el martes 8, a las 19, con una misa de acci\u00f3n de gracias en la Catedral Nuestra Se\u00f1ora del Rosario.<\/p>\n<p>A comienzos de 2025, el Gobierno de Entre R\u00edos dispuso restituir a la Iglesia Catedral de Paran\u00e1 un p\u00falpito hist\u00f3rico que estaba en resguardo en el Museo Hist\u00f3rico Martiniano Leguizam\u00f3n y que hab\u00eda sido solicitada su devoluci\u00f3n por la cura.<\/p>\n<p>A trav\u00e9s del decreto N\u00ba 52, del 6 de febrero del a\u00f1o \u00faltimo,\u00a0 el Ejecutivo orden\u00f3 restituir a la Parroquia Nuestra Se\u00f1ora del Rosario -Catedral de Paran\u00e1- las piezas que conforman el p\u00falpito que permanec\u00edan resguardadas en el Museo Hist\u00f3rico Martiniano Leguizam\u00f3n\u00bb.<\/p>\n<p>La pieza hist\u00f3rica hab\u00eda sido solicitada por el Arzobispado de Paran\u00e1 para ser incorporado al patrimonio de la curia en el marco de la restauraci\u00f3n y puesta en valor de la Catedral de Paran\u00e1, monumento hist\u00f3rico nacional. Esa obra hab\u00eda sido donada al Museo el 3 de julio de 1969, aunque la Secretar\u00eda de Cultura dio cuenta de que \u00abno existe registro del bien descripto en el inventario del Sistema Integrado de Administraci\u00f3n Financiera\u00bb; pero adem\u00e1s, el Museo Hist\u00f3rico dio cuenta de que \u00ablas piezas no se encuentran registradas\u00bb.<\/p>\n<p>En una de las 16 salas que conforman el Museo Hist\u00f3rico Martiniano Leguizam\u00f3n permaneci\u00f3 el p\u00falpito, aunque desguazado. Se trata del hist\u00f3rico p\u00falpito de la Iglesia Catedral Nuestra Se\u00f1ora del Rosario, de Paran\u00e1. Son dos: el otro, seg\u00fan el registro hist\u00f3rico que se realiz\u00f3 y que pronto ver\u00e1 la luz, est\u00e1 en propiedad de un particular.<\/p>\n<p>Forma parte del patrimonio de la Iglesia Catedral, el templo actual que en 1820 mand\u00f3 construir el obispo Jos\u00e9 Mar\u00eda Gelabert y Crespo. La obra civil estuvo a cargo del arquitecto Juan Bautista Arnaldi. La piedra fundamental se coloc\u00f3 el 1\u00b0 de enero de 1883. El nuevo edificio se levant\u00f3 sobre un \u00e1rea mayor que la que ocupaba el viejo templo, para lo que fue necesario adosar un terreno contiguo, seg\u00fan relata la arquitecta Mariana Melhem.<\/p>\n<p>Ladrillos, arena, maderas para carpinter\u00eda, art\u00edculos de ferreter\u00eda y hojalater\u00eda fueron comprados en el mercado local, mientras Rosario, Buenos Aires y C\u00f3rdoba fueron proveedores de m\u00e1rmoles y pizarras. Otras componentes especiales llegaron desde Europa: buena parte de las columnas y capiteles de m\u00e1rmol de las canteras y talleres italianos, mientras los vitrales fueron realizados en Francia.<\/p>\n<p><img decoding=\"async\" loading=\"lazy\" class=\"alignnone wp-image-135728 size-full\" src=\"https:\/\/entreriosahora.com\/wp-content\/uploads\/2025\/02\/pulpito.jpg\" alt=\"\" width=\"1204\" height=\"1600\" \/>\u00a0<img decoding=\"async\" loading=\"lazy\" class=\"alignnone wp-image-135729 size-full\" src=\"https:\/\/entreriosahora.com\/wp-content\/uploads\/2025\/02\/pulpito1.jpg\" alt=\"\" width=\"1204\" height=\"1600\" \/>\u00a0<img decoding=\"async\" loading=\"lazy\" class=\"alignnone wp-image-135730 size-full\" src=\"https:\/\/entreriosahora.com\/wp-content\/uploads\/2025\/02\/pulpito2.jpg\" alt=\"\" width=\"1204\" height=\"1600\" \/>\u00a0<img decoding=\"async\" loading=\"lazy\" class=\"alignnone wp-image-135731 size-full\" src=\"https:\/\/entreriosahora.com\/wp-content\/uploads\/2025\/02\/pulpito3.jpg\" alt=\"\" width=\"1204\" height=\"1600\" \/><\/p>\n<p>La manufactura estaba dividida por gremios: alba\u00f1iler\u00eda (facturada como \u201cobra de mano\u201d), herrer\u00eda, ornamentaci\u00f3n, corte y tallado de m\u00e1rmoles, ejecuci\u00f3n de moldes de madera para fabricaci\u00f3n de piezas especiales como ladrillos curvos.<\/p>\n<p>La obra de carpinter\u00eda art\u00edstica correspondi\u00f3 a los talleres de Carlos Pibernat, destac\u00e1ndose en especial la puerta central que fue premiada en la Exposici\u00f3n Industrial de Paran\u00e1 en 1887. La casa Julio Berg\u00e9s y C\u00eda. se encarg\u00f3 de la provisi\u00f3n y colocaci\u00f3n de los vitrales provenientes de Toulouse. Pibernat, adem\u00e1s, fue el autor de los dos p\u00falpitos de la Iglesia Catedral, uno en resguardo en el Museo Hist\u00f3rico.<\/p>\n<p>Este \u00faltimo dato lo revel\u00f3 la profesora Rosario Mentasti, integrante de la Pastoral de Turismo y Cultura del Arzobispado de Paran\u00e1, que se embarc\u00f3 en la tarea de rastrear el destino de los dos p\u00falpitos y procurar su recuperaci\u00f3n.<\/p>\n<p>El exarzobispo de Paran\u00e1, Juan Alberto Puiggari, autoriz\u00f3 a que se lleven adelante las gestiones que permitieron la restituci\u00f3n del p\u00falpito de la iIglesia Catedral que estaba en posesi\u00f3n del Museo Hist\u00f3rico Provincial Martiniano Leguizam\u00f3n. Las gestiones fueron llevadas a cabo por el equipo de la Pastoral de Turismo y Cultura de la Catedral, con la supervisi\u00f3n de la Delegaci\u00f3n Arquidiocesana para los Bienes Culturales de la Iglesia. La pieza, una vez recuperada, dice la disposici\u00f3n, ser\u00e1 devuelta a su lugar y ubicaci\u00f3n original en la nave central de la iglesia Catedral.<\/p>\n<p>Mario Giunta coordina la Pastoral de Turismo y Cultura, y la integran profesores, historiadores e investigadores que trabajan en funci\u00f3n \u00abde recuperar la historia que no se conoce. \u00abHace muchos a\u00f1os que ven\u00edamos detr\u00e1s de la posibilidad de recuperar este bien sagrado, un patrimonio valioso que perteneciera a la \u00faltima d\u00e9cada del siglo XIX. Lamentablemente, no hay material que registre qu\u00e9 fue lo que pas\u00f3\u00bb, contaron desde la curia.<\/p>\n<p>De igual modo, la arquitecta Elena Giunta y la profesora Rosario Mentasti se embarcaron en la tarea de rastrear en los pormenores para desentra\u00f1ar qu\u00e9 suerte tuvieron los dos p\u00falpitos de la Iglesia Catedral.<\/p>\n<p>As\u00ed, se pudo establecer que uno de los p\u00falpitos est\u00e1 en poder de un particular, mientras que el otro hab\u00eda sido donado al Museo Hist\u00f3rico. \u00abNo hay escritos al respecto -asevera Mentasti-.\u00a0Se ha estado investigando desde el Archivo del Arzobispado y contamos con los datos precisos hasta donde se encuentra documentado. Se deduce que\u00a0 fueron confeccionados en el Taller Pibernat, que es el mismo que trabaj\u00f3 en la d\u00e9cada del 80 al 90 del siglo XIX en algunos otros elementos de la Catedral. Pero estamos en el plano de investigar e indagar. Hemos cotejado con alguna experiencia que se ha tenido en C\u00f3rdoba, que es mucho rico en su historia, y algo hemos encontrado\u00bb.<\/p>\n<p>\u00a0<\/p>\n<p>\u00a0<\/p>\n<p>\u00a0<\/p>\n<p>\u00a0<\/p>\n<p>De la Redacci\u00f3n de Entre R\u00edos Ahora<\/p>\n<p>\u00a0<\/p>\n<p>\u00a0\u00a0 El hist\u00f3rico p\u00falpito de la Iglesia Catedral de Paran\u00e1 que por muchos a\u00f1os permaneci\u00f3 en resguardo en el Museo Hist\u00f3rico Martiniano Leguizam\u00f3n, y que el Gobierno restituy\u00f3 a la Iglesia en 2025, ser\u00e1 reintegrado al patrimonio de la Iglesia. La ceremonia ser\u00e1 el martes 8, a las 19, con una misa de acci\u00f3n de<\/p>","protected":false},"excerpt":{"rendered":"<div class=\"mh-excerpt\"><p>\u200b\u00a0 \u200b\u00a0 \u200b \u00a0 El hist\u00f3rico p\u00falpito de la Iglesia Catedral de Paran\u00e1 que por muchos a\u00f1os permaneci\u00f3 en resguardo en el Museo Hist\u00f3rico Martiniano <a class=\"mh-excerpt-more\" href=\"https:\/\/fmlibertadfeliciano.com.ar\/?p=4616\" title=\"Devuelven hist\u00f3rico p\u00falpito a la Catedral\">[&#8230;]<\/a><\/p>\n<\/div>","protected":false},"author":1,"featured_media":4617,"comment_status":"open","ping_status":"open","sticky":false,"template":"","format":"standard","meta":{"footnotes":""},"categories":[1],"tags":[],"class_list":["post-4616","post","type-post","status-publish","format-standard","has-post-thumbnail","hentry","category-sin-categoria"],"_links":{"self":[{"href":"https:\/\/fmlibertadfeliciano.com.ar\/index.php?rest_route=\/wp\/v2\/posts\/4616","targetHints":{"allow":["GET"]}}],"collection":[{"href":"https:\/\/fmlibertadfeliciano.com.ar\/index.php?rest_route=\/wp\/v2\/posts"}],"about":[{"href":"https:\/\/fmlibertadfeliciano.com.ar\/index.php?rest_route=\/wp\/v2\/types\/post"}],"author":[{"embeddable":true,"href":"https:\/\/fmlibertadfeliciano.com.ar\/index.php?rest_route=\/wp\/v2\/users\/1"}],"replies":[{"embeddable":true,"href":"https:\/\/fmlibertadfeliciano.com.ar\/index.php?rest_route=%2Fwp%2Fv2%2Fcomments&post=4616"}],"version-history":[{"count":0,"href":"https:\/\/fmlibertadfeliciano.com.ar\/index.php?rest_route=\/wp\/v2\/posts\/4616\/revisions"}],"wp:featuredmedia":[{"embeddable":true,"href":"https:\/\/fmlibertadfeliciano.com.ar\/index.php?rest_route=\/wp\/v2\/media\/4617"}],"wp:attachment":[{"href":"https:\/\/fmlibertadfeliciano.com.ar\/index.php?rest_route=%2Fwp%2Fv2%2Fmedia&parent=4616"}],"wp:term":[{"taxonomy":"category","embeddable":true,"href":"https:\/\/fmlibertadfeliciano.com.ar\/index.php?rest_route=%2Fwp%2Fv2%2Fcategories&post=4616"},{"taxonomy":"post_tag","embeddable":true,"href":"https:\/\/fmlibertadfeliciano.com.ar\/index.php?rest_route=%2Fwp%2Fv2%2Ftags&post=4616"}],"curies":[{"name":"wp","href":"https:\/\/api.w.org\/{rel}","templated":true}]}}