{"id":4619,"date":"2026-09-06T04:12:48","date_gmt":"2026-09-06T04:12:48","guid":{"rendered":"https:\/\/fmlibertadfeliciano.com.ar\/?p=4619"},"modified":"2026-09-06T04:12:48","modified_gmt":"2026-09-06T04:12:48","slug":"la-suerte-carcelaria-de-urribarri-y-el-cuento-de-la-buena-pipa","status":"publish","type":"post","link":"https:\/\/fmlibertadfeliciano.com.ar\/?p=4619","title":{"rendered":"La suerte carcelaria de Urribarri y el cuento de la buena pipa"},"content":{"rendered":"<p>\u200b\u00a0<\/p>\n<p>\u200b\u00a0<\/p>\n<p>\u200b<span class=\"cb-itemprop\"><\/span><\/p>\n<p>\u00a0<\/p>\n<p>\u00bfYo, se\u00f1or?<\/p>\n<p>No, se\u00f1or.<\/p>\n<p>El cuento de la buena pipa se col\u00f3 en medio de la definici\u00f3n de la situaci\u00f3n carcelaria del exgobernador Sergio Urribarri, y de su exministro de Cultura y Comunicaci\u00f3n, Pedro \u00c1ngel B\u00e1ez, m\u00e1s el cu\u00f1ado del primero, Juan Pablo Aguilera. Los tres resultaron condenados en el Megajuicio que se sustanci\u00f3 entre 2021 y 2022 por graves hechos de corrupci\u00f3n.<\/p>\n<p>Urribarri recibi\u00f3 una pena de 8 a\u00f1os de c\u00e1rcel; B\u00e1ez y Aguilera, 6 a\u00f1os y 6 meses de prisi\u00f3n cada uno. Todos recurrieron esas condenas, y esta \u00faltima semana la Corte Suprema de Justicia de la Naci\u00f3n declar\u00f3 inadmisibles los recursos extraordinarios que presentaron y, as\u00ed, dej\u00f3 firme aquellas condenas.<\/p>\n<p>Lo que sigui\u00f3 fue la petici\u00f3n del Ministerio P\u00fablico Fiscal para que se los detenga y se los derive a la Unidad Penal N\u00b01, de Paran\u00e1. El Tribunal de Juicios y Apelaciones de Paran\u00e1 primero elev\u00f3 cconsulta a la Sala Penal del Superior Tribunal de Justicia (STJ), y despu\u00e9s resolvi\u00f3 hacer lugar al pedido y librar las \u00f3rdenes de detenci\u00f3n de los tres y su alojamiento en la c\u00e1rcel de la capital provincial.<\/p>\n<p>Los defensores de Urribarri y de B\u00e1ez acudieron al tribunal y argumentaron razones de salud para evitar el encarcelamiento y solicitaron arresto domiciliario. Pero ese tr\u00e1mite no prosper\u00f3.<\/p>\n<p>En el medio, el Servicio Penitenciario de Entre R\u00edos anotici\u00f3 al Tribunal de Juicios que en la Unidad Penal de Paran\u00e1 no ser\u00eda posible alojar a Urribarri, B\u00e1ez y Aguilera.<\/p>\n<p>Juan Santiago Garc\u00eda, subdirector del Servicio Penitenciario de Entre R\u00edos, elev\u00f3 un escrito a la jueza Mar\u00eda Carolina Castagno e indic\u00f3 que la Unidad Penal de Paran\u00e1 \u201cno re\u00fane las condiciones \u00f3ptimas para brindar el alojamiento de los nombrados, teniendo en cuenta su edad avanzada y que en la actualidad a la poblaci\u00f3n que aloja dicha instituci\u00f3n carcelaria es de 1.066 internos. En este sentido los pabellones se encuentran con alta densidad de poblaci\u00f3n, contando adem\u00e1s solo con lugares comunes para que transiten su condena\u201d.<\/p>\n<blockquote class=\"wp-embedded-content\" data-secret=\"S3wALsLZvr\">\n<p><a href=\"https:\/\/entreriosahora.com\/ordenan-la-inmediata-detencion-de-urribarri-baez-y-aguilera\/\">Ordenan la \u00abinmediata\u00bb detenci\u00f3n de Urribarri, B\u00e1ez y Aguilera<\/a><\/p>\n<\/blockquote>\n<p>Sugiri\u00f3 derivarlos a la Unidad Penal N\u00b0 9, de Gualeguaych\u00fa.<\/p>\n<p>\u00bfQui\u00e9n deber\u00eda resolver la situaci\u00f3n?<\/p>\n<p>\u201cEn m\u00e9rito a lo expuesto, habiendo adquirido firmeza la sentencia de condena dictada por \u00e9ste Tribunal en fecha 07.04.2022, corresponde ordenar la inmediata detenci\u00f3n\u201d de Urribarri y Aguilera, \u201cy su alojamiento en la Unidad Penal N\u00b0 1, a fin de dar inicio a la ejecuci\u00f3n de la pena impuesta\u201d, dice la resoluci\u00f3n firmada por los jueces Mar\u00eda Carolina Castagno, Elvio Osir Garz\u00f3n y Juli\u00e1n Carlos Vergara. A la vez, dispuso el traslado de B\u00e1ez \u201cdesde su domicilio ubicado en calle Juan Manuel Jozami 2123 de la ciudad de Paran\u00e1, donde se encuentra cumpliendo prisi\u00f3n preventiva bajo modalidad de arresto domiciliario, a la Unidad Penal N\u00b0 1, a fin de dar inicio a la ejecuci\u00f3n de la pena impuesta\u201d.<\/p>\n<p>El Servicio Penitenciario plante\u00f3 la duda, pero nadie la devel\u00f3.<\/p>\n<p>La jueza de Ejecuci\u00f3n de Penas de Paran\u00e1 Cecilia B\u00e9rtora sostuvo que en el \u00abJuzgado de Ejecuci\u00f3n de Penas y Medidas de Seguridad a mi cargo no se ha recibido sentencia y c\u00f3mputo\u00bb de las penas aplicadas.\u00a0\u00a0\u00abCabe destacar que dicha solicitud ya fue receptada por el Tribunal de Juicio y Apelaciones, habi\u00e9ndose dispuesto que oportunamente se har\u00e1 saber a esta Magistratura, para que en el \u00e1mbito de las competencias que son propias de este organismo, se decida sobre el particular tomando en consideraci\u00f3n los extremos suficientes y necesarios para resolver lo que corresponda legal y adminstrativamente, para mejor resguardo de los derechos del peticionante\u00bb, expres\u00f3 la jueza.<\/p>\n<p>Y agreg\u00f3: \u00abConforme a lo expuesto, no corresponde que me expida, debiendo estarse a la recepci\u00f3n de la documentaci\u00f3n m\u00ednima necesaria para dar comienzo a la ejecuci\u00f3n de la pena, como son la sentencia firme y c\u00f3mputo de pena -el cual se encuentra en etapa de confecci\u00f3n al d\u00eda de la fecha-\u00ab.<\/p>\n<blockquote class=\"wp-embedded-content\" data-secret=\"BEXmlWdD51\">\n<p><a href=\"https:\/\/entreriosahora.com\/la-jueza-de-ejecucion-de-penas-dice-que-no-tiene-la-sentencia\/\">La jueza de Ejecuci\u00f3n de Penas dice que no tiene la sentencia<\/a><\/p>\n<\/blockquote>\n<p>\u00a0<\/p>\n<p>Al cierre de esta edici\u00f3n, Urribarri, B\u00e1ez y Aguilera segu\u00edan en la Unidad Penal de Paran\u00e1 a la espera que se resuelva el entuerto judicial, y por eso entre los defensores circul\u00f3 la posibilidad de presentar un h\u00e1beas corpus, que finalmente se desech\u00f3.<\/p>\n<p>\u00abNo s\u00e9 c\u00f3mo van a resolver, no s\u00e9 c\u00f3mo van a terminar. No era urgente detenerlos el viernes, a las ocho y media de la noche, porque se gener\u00f3 un kilombo administrativo, m\u00e1xime cuando no hab\u00eda peligro de fuga. Se hab\u00eda hablado que fuera el lunes la detenci\u00f3n, porque formalmente la Corte todav\u00eda no ha notificado de la sentencia. Ojal\u00e1 resuelvan\u00bb, analiz\u00f3 una fuente que conoce el caso.<\/p>\n<p>\u00a0<\/p>\n<p>\u00a0<\/p>\n<p>\u00a0<\/p>\n<p>De la Redacci\u00f3n de Entre R\u00edos Ahora<\/p>\n<p>\u00a0\u00a0 \u00bfYo, se\u00f1or? No, se\u00f1or. El cuento de la buena pipa se col\u00f3 en medio de la definici\u00f3n de la situaci\u00f3n carcelaria del exgobernador Sergio Urribarri, y de su exministro de Cultura y Comunicaci\u00f3n, Pedro \u00c1ngel B\u00e1ez, m\u00e1s el cu\u00f1ado del primero, Juan Pablo Aguilera. Los tres resultaron condenados en el Megajuicio que se sustanci\u00f3<\/p>","protected":false},"excerpt":{"rendered":"<div class=\"mh-excerpt\"><p>\u200b\u00a0 \u200b\u00a0 \u200b \u00a0 \u00bfYo, se\u00f1or? No, se\u00f1or. El cuento de la buena pipa se col\u00f3 en medio de la definici\u00f3n de la situaci\u00f3n carcelaria <a class=\"mh-excerpt-more\" href=\"https:\/\/fmlibertadfeliciano.com.ar\/?p=4619\" title=\"La suerte carcelaria de Urribarri y el cuento de la buena pipa\">[&#8230;]<\/a><\/p>\n<\/div>","protected":false},"author":1,"featured_media":0,"comment_status":"open","ping_status":"open","sticky":false,"template":"","format":"standard","meta":{"footnotes":""},"categories":[1],"tags":[],"class_list":["post-4619","post","type-post","status-publish","format-standard","hentry","category-sin-categoria"],"_links":{"self":[{"href":"https:\/\/fmlibertadfeliciano.com.ar\/index.php?rest_route=\/wp\/v2\/posts\/4619","targetHints":{"allow":["GET"]}}],"collection":[{"href":"https:\/\/fmlibertadfeliciano.com.ar\/index.php?rest_route=\/wp\/v2\/posts"}],"about":[{"href":"https:\/\/fmlibertadfeliciano.com.ar\/index.php?rest_route=\/wp\/v2\/types\/post"}],"author":[{"embeddable":true,"href":"https:\/\/fmlibertadfeliciano.com.ar\/index.php?rest_route=\/wp\/v2\/users\/1"}],"replies":[{"embeddable":true,"href":"https:\/\/fmlibertadfeliciano.com.ar\/index.php?rest_route=%2Fwp%2Fv2%2Fcomments&post=4619"}],"version-history":[{"count":0,"href":"https:\/\/fmlibertadfeliciano.com.ar\/index.php?rest_route=\/wp\/v2\/posts\/4619\/revisions"}],"wp:attachment":[{"href":"https:\/\/fmlibertadfeliciano.com.ar\/index.php?rest_route=%2Fwp%2Fv2%2Fmedia&parent=4619"}],"wp:term":[{"taxonomy":"category","embeddable":true,"href":"https:\/\/fmlibertadfeliciano.com.ar\/index.php?rest_route=%2Fwp%2Fv2%2Fcategories&post=4619"},{"taxonomy":"post_tag","embeddable":true,"href":"https:\/\/fmlibertadfeliciano.com.ar\/index.php?rest_route=%2Fwp%2Fv2%2Ftags&post=4619"}],"curies":[{"name":"wp","href":"https:\/\/api.w.org\/{rel}","templated":true}]}}