{"id":4621,"date":"2026-09-06T04:12:05","date_gmt":"2026-09-06T04:12:05","guid":{"rendered":"https:\/\/fmlibertadfeliciano.com.ar\/?p=4621"},"modified":"2026-09-06T04:12:05","modified_gmt":"2026-09-06T04:12:05","slug":"entre-80-y-120-personas-asisten-al-comedor-de-san-miguel","status":"publish","type":"post","link":"https:\/\/fmlibertadfeliciano.com.ar\/?p=4621","title":{"rendered":"Entre 80 y 120 personas asisten al comedor de San Miguel"},"content":{"rendered":"<p>\u200b\u00a0<\/p>\n<p>\u200b\u00a0<\/p>\n<p>\u200b<span class=\"cb-itemprop\"><\/span><\/p>\n<p>\u00a0<\/p>\n<p>Entre 80 y 120 personas acuden cada mediod\u00eda al comedor de la parroquia San Miguel, en Buenos Aires y Carlos Gardel, en Paran\u00e1, la mayor\u00eda personas en situaci\u00f3n de calle, el 80% con consumos problem\u00e1ticos, y la demanda cada vez es mayor, seg\u00fan eval\u00faa Gustavo Horisberger, p\u00e1rroco del lugar.<\/p>\n<p><em>-\u00bfEs as\u00ed? \u00bfCada vez m\u00e1s gente va por un plato de comida?<\/em><\/p>\n<p>-S\u00ed, es as\u00ed. Ha aumentado considerablemente la demanda, y es preocupante porque, adem\u00e1s de la cantidad de gente que no tiene el plato de comida, son personas que han perdido la esperanza de salir adelante, de buscar otra forma de vida. Es decir, el plato de comida no es temporal o no lo ven como algo temporal, sino que ya lo han incorporado al ritmo de su vida, como parte de algo que, bueno, que es as\u00ed, digamos. Y es lamentable eso. La lectura que uno hace es que ya han perdido esa capacidad de pensar en alg\u00fan plan o alg\u00fan proyecto para sus vidas, y eso me preocupa porque, adem\u00e1s, son muchos j\u00f3venes que vienen.<\/p>\n<p><em>-En C\u00e1ritas siempre sostienen que es importante la ayuda inmediata, pero tambi\u00e9n la promoci\u00f3n humana. Ac\u00e1, eso no se est\u00e1 viendo. <\/em><\/p>\n<p>-Ciertamente. Esto siempre lo charlamos. Es como que estamos en el primer nivel de asistencia que lamentablemente no nos permite todav\u00eda pasar a un segundo nivel, en un nivel donde les ofrezcamos, adem\u00e1s de un plato de comida, la posibilidad de prepararse para alg\u00fan trabajo. Esto es dif\u00edcil porque es como resignarse, y nos estamos quedando en este primer nivel. Pero, bueno, las cosas, en general, no est\u00e1n bien para muchas personas, y no solamente para ellos. Ellos s\u00ed, sin duda, necesitan esta asistencia primaria. Tampoco hay demasiadas posibilidades en el \u00e1mbito privado de generar trabajo.<\/p>\n<p><em>-\u00bfC\u00f3mo hacen para enfrentar a esa mayor demandan que tienen en el comedor?<\/em><\/p>\n<p>-Nosotros, gracias a Dios, nunca hemos dejado de dar de comer. En algunos momentos, hasta podemos brindar un postre, con una fruta o alguna cosa extra, pero habitualmente es un plato de comida. En alguna oportunidad, y esto es as\u00ed, de manera intermitente, en alg\u00fan momento, cuando C\u00e1ritas es convocada para alg\u00fan plan de financiamiento para comedores, por ah\u00ed recibimos alguna ayuda, pero es temporal o es as\u00ed intermitente, digamos. Pero hay gente que nos dona dinero. Lo digo, y me pone contento de poder brindar un plato de comida, pero al mismo tiempo me produce dolor tener que hacer una cosa que, en definitiva, no termina de saciar a la persona de humanidad. Se van contentos, pero uno piensa: pucha, no puedo hacer m\u00e1s que darle un plato de comida.<\/p>\n<p><em>-Imagino que apuntas a la cuesti\u00f3n espiritual. Pero hay otra dimensi\u00f3n, y es que la gente que busca el plato de comida en la parroquia tambi\u00e9n enfrenta consumos problem\u00e1ticos, o problemas de salud mental, y ah\u00ed falta acompa\u00f1amiento. \u00bfEs as\u00ed?<\/em><\/p>\n<p>-S\u00ed, ese es un gran problema que est\u00e1 descuidado. Te dir\u00eda que el 80% de las personas que vienen al comedor tienen consumos problem\u00e1ticos. No podemos proveerles de una suficiente atenci\u00f3n porque estas cosas nos terminan desbordando. Encima, hay leyes que impiden el abordaje. El tema de la salud mental es un problema grave, pero el Estado tiene como las manos atada para actuar, porque no pueden intervenir demasiado ni suficiente siquiera para poder encausarlos a un tratamiento. Adem\u00e1s, tampoco hay instituciones o espacios para la recuperaci\u00f3n de estas personas. En Paran\u00e1, no tenemos m\u00e1s que el Hogar de Cristo y la Casa L\u00e1zaro, y alguna otra organizaci\u00f3n.<\/p>\n<p><em>-\u00bfCu\u00e1l es el promedio de personas que asisten al comedor?<\/em><\/p>\n<p>-Bueno, como m\u00ednimo diario son 80 personas, y como m\u00e1ximo alcanzado es de 120 personas. No s\u00e9 c\u00f3mo hacemos pero llegamos a asistir a todos. No s\u00e9 como lo hacemos, pero lo logramos. La gente que viene a mediod\u00eda seguro encuentra un plato de comida. Si bien no hemos hecho un c\u00e1lculo fino, pero el costo de un plato de comida ronda entre los $5.000 y $7.500 por persona. Pong\u00e1mosle que nosotros gastamos el m\u00ednimo, $5.000 por personas. Y son 23 d\u00edas al mes los que damos de comer.<\/p>\n<p>\u00a0<\/p>\n<p>\u00a0<\/p>\n<p>De la Redacci\u00f3n de Entre R\u00edos Ahora<\/p>\n<p>\u00a0\u00a0 Entre 80 y 120 personas acuden cada mediod\u00eda al comedor de la parroquia San Miguel, en Buenos Aires y Carlos Gardel, en Paran\u00e1, la mayor\u00eda personas en situaci\u00f3n de calle, el 80% con consumos problem\u00e1ticos, y la demanda cada vez es mayor, seg\u00fan eval\u00faa Gustavo Horisberger, p\u00e1rroco del lugar. -\u00bfEs as\u00ed? \u00bfCada vez m\u00e1s<\/p>","protected":false},"excerpt":{"rendered":"<div class=\"mh-excerpt\"><p>\u200b\u00a0 \u200b\u00a0 \u200b \u00a0 Entre 80 y 120 personas acuden cada mediod\u00eda al comedor de la parroquia San Miguel, en Buenos Aires y Carlos Gardel, <a class=\"mh-excerpt-more\" href=\"https:\/\/fmlibertadfeliciano.com.ar\/?p=4621\" title=\"Entre 80 y 120 personas asisten al comedor de San Miguel\">[&#8230;]<\/a><\/p>\n<\/div>","protected":false},"author":1,"featured_media":0,"comment_status":"open","ping_status":"open","sticky":false,"template":"","format":"standard","meta":{"footnotes":""},"categories":[1],"tags":[],"class_list":["post-4621","post","type-post","status-publish","format-standard","hentry","category-sin-categoria"],"_links":{"self":[{"href":"https:\/\/fmlibertadfeliciano.com.ar\/index.php?rest_route=\/wp\/v2\/posts\/4621","targetHints":{"allow":["GET"]}}],"collection":[{"href":"https:\/\/fmlibertadfeliciano.com.ar\/index.php?rest_route=\/wp\/v2\/posts"}],"about":[{"href":"https:\/\/fmlibertadfeliciano.com.ar\/index.php?rest_route=\/wp\/v2\/types\/post"}],"author":[{"embeddable":true,"href":"https:\/\/fmlibertadfeliciano.com.ar\/index.php?rest_route=\/wp\/v2\/users\/1"}],"replies":[{"embeddable":true,"href":"https:\/\/fmlibertadfeliciano.com.ar\/index.php?rest_route=%2Fwp%2Fv2%2Fcomments&post=4621"}],"version-history":[{"count":0,"href":"https:\/\/fmlibertadfeliciano.com.ar\/index.php?rest_route=\/wp\/v2\/posts\/4621\/revisions"}],"wp:attachment":[{"href":"https:\/\/fmlibertadfeliciano.com.ar\/index.php?rest_route=%2Fwp%2Fv2%2Fmedia&parent=4621"}],"wp:term":[{"taxonomy":"category","embeddable":true,"href":"https:\/\/fmlibertadfeliciano.com.ar\/index.php?rest_route=%2Fwp%2Fv2%2Fcategories&post=4621"},{"taxonomy":"post_tag","embeddable":true,"href":"https:\/\/fmlibertadfeliciano.com.ar\/index.php?rest_route=%2Fwp%2Fv2%2Ftags&post=4621"}],"curies":[{"name":"wp","href":"https:\/\/api.w.org\/{rel}","templated":true}]}}