{"id":4622,"date":"2026-09-06T03:39:38","date_gmt":"2026-09-06T03:39:38","guid":{"rendered":"https:\/\/fmlibertadfeliciano.com.ar\/?p=4622"},"modified":"2026-09-06T03:39:38","modified_gmt":"2026-09-06T03:39:38","slug":"debaten-el-futuro-de-la-escuela-de-circo","status":"publish","type":"post","link":"https:\/\/fmlibertadfeliciano.com.ar\/?p=4622","title":{"rendered":"Debaten el futuro de la Escuela de Circo"},"content":{"rendered":"<p>\u200b\u00a0<\/p>\n<p>\u200b\u00a0<\/p>\n<p>\u200b<span class=\"cb-itemprop\"><\/span><\/p>\n<p>\u00a0<\/p>\n<p>El cuerpo de docentes de la Escuela Municipal de Circo Larrisa, que funciona en el Centro Cultural Gloria Montoya -concesionado por la Municipalidad a un privado para que arme all\u00ed un polo gastron\u00f3mico y cultural- volver\u00e1 a reunirse este lunes, a las 17, con autoridades de la Comuna para procurar saldar su situaci\u00f3n. B\u00e1sicamente, se trata de encontrar un lugar alternativo para mudar la Escuela de Circo.<\/p>\n<p>La primera propuesta hecha por el titular de Cultura, Rub\u00e9n Clavenzani, mudarlos al Club Catamarca Central, fue descartada. Seg\u00fan ha dicho Clavenzani, hay posibilidades de alcanzar un acuerdo.<\/p>\n<p>El primer encuentro ocurri\u00f3 el lunes 31de agosto. Entonces, se encuentraron en el Gloria Montoya docentes, familias, estudiantes y personal administrativo de la Escuela Municipal de Circo Larrisa, junto al secretario de Cultura, Rub\u00e9n Clavenzani, y el asesor legal y t\u00e9cnico de la Municipalidad, Pablo Testa.<\/p>\n<blockquote class=\"wp-embedded-content\" data-secret=\"JH3j9SUBnL\">\n<p><a href=\"https:\/\/entreriosahora.com\/clavenzani-la-escuela-de-circo-queda-durante-septiembre-en-el-montoya\/\">Clavenzani: la Escuela de Circo queda durante septiembre en el Montoya<\/a><\/p>\n<\/blockquote>\n<p>\u00a0<\/p>\n<p>Seg\u00fan relataron los profesores, durante el encuentro las autoridades manifestaron la imposibilidad de que la Escuela de Circo contin\u00fae funcionando en el Centro Cultural Gloria Montoya y de que sea contemplada dentro del nuevo proyecto cultural. Esto se debe a que es el privado quien va a disponer de las horas de uso del espacio por parte del Municipio, por lo que este \u00faltimo no podr\u00eda entonces garantizarnos el funcionamiento de la escuela all\u00ed. Cabe aclarar que lo preferente ser\u00eda continuar en el Centro Cultural Gloria Montoya, una vez que este fuese arreglado, luego de 20 a\u00f1os de funcionar all\u00ed sin arreglos, expresaron.<\/p>\n<p>Como alternativa transitoria, se plante\u00f3 el traslado al Club Catamarca, propuesta a la que la comunidad manifest\u00f3 su oposici\u00f3n por considerar que no re\u00fane las condiciones adecuadas para nuestra actividad.<\/p>\n<p>La comunidad expres\u00f3 especialmente su \u201cprofundo disgusto, angustia y preocupaci\u00f3n por no haber sido informada ni consultada oportunamente sobre el traslado y la concesi\u00f3n del Centro Cultural Gloria Montoya, espacio que durante 20 a\u00f1os fue nuestra casa\u201d. Se manifest\u00f3 que el Gloria Montoya \u201chace a una comunidad, es decir, que hay un lazo que tambi\u00e9n es territorial. Nos duele profundamente no haber sido tenidos en cuenta en las decisiones sobre un lugar que habitamos, construimos y amamos colectivamente durante tantos a\u00f1os\u201d.<\/p>\n<p>\u00a0<\/p>\n<p>De la Redacci\u00f3n de Entre R\u00edos Ahora<\/p>\n<p>\u00a0<\/p>\n<p>\u00a0\u00a0 El cuerpo de docentes de la Escuela Municipal de Circo Larrisa, que funciona en el Centro Cultural Gloria Montoya -concesionado por la Municipalidad a un privado para que arme all\u00ed un polo gastron\u00f3mico y cultural- volver\u00e1 a reunirse este lunes, a las 17, con autoridades de la Comuna para procurar saldar su situaci\u00f3n. B\u00e1sicamente,<\/p>","protected":false},"excerpt":{"rendered":"<div class=\"mh-excerpt\"><p>\u200b\u00a0 \u200b\u00a0 \u200b \u00a0 El cuerpo de docentes de la Escuela Municipal de Circo Larrisa, que funciona en el Centro Cultural Gloria Montoya -concesionado por <a class=\"mh-excerpt-more\" href=\"https:\/\/fmlibertadfeliciano.com.ar\/?p=4622\" title=\"Debaten el futuro de la Escuela de Circo\">[&#8230;]<\/a><\/p>\n<\/div>","protected":false},"author":1,"featured_media":0,"comment_status":"open","ping_status":"open","sticky":false,"template":"","format":"standard","meta":{"footnotes":""},"categories":[1],"tags":[],"class_list":["post-4622","post","type-post","status-publish","format-standard","hentry","category-sin-categoria"],"_links":{"self":[{"href":"https:\/\/fmlibertadfeliciano.com.ar\/index.php?rest_route=\/wp\/v2\/posts\/4622","targetHints":{"allow":["GET"]}}],"collection":[{"href":"https:\/\/fmlibertadfeliciano.com.ar\/index.php?rest_route=\/wp\/v2\/posts"}],"about":[{"href":"https:\/\/fmlibertadfeliciano.com.ar\/index.php?rest_route=\/wp\/v2\/types\/post"}],"author":[{"embeddable":true,"href":"https:\/\/fmlibertadfeliciano.com.ar\/index.php?rest_route=\/wp\/v2\/users\/1"}],"replies":[{"embeddable":true,"href":"https:\/\/fmlibertadfeliciano.com.ar\/index.php?rest_route=%2Fwp%2Fv2%2Fcomments&post=4622"}],"version-history":[{"count":0,"href":"https:\/\/fmlibertadfeliciano.com.ar\/index.php?rest_route=\/wp\/v2\/posts\/4622\/revisions"}],"wp:attachment":[{"href":"https:\/\/fmlibertadfeliciano.com.ar\/index.php?rest_route=%2Fwp%2Fv2%2Fmedia&parent=4622"}],"wp:term":[{"taxonomy":"category","embeddable":true,"href":"https:\/\/fmlibertadfeliciano.com.ar\/index.php?rest_route=%2Fwp%2Fv2%2Fcategories&post=4622"},{"taxonomy":"post_tag","embeddable":true,"href":"https:\/\/fmlibertadfeliciano.com.ar\/index.php?rest_route=%2Fwp%2Fv2%2Ftags&post=4622"}],"curies":[{"name":"wp","href":"https:\/\/api.w.org\/{rel}","templated":true}]}}