{"id":4623,"date":"2026-09-06T03:15:29","date_gmt":"2026-09-06T03:15:29","guid":{"rendered":"https:\/\/fmlibertadfeliciano.com.ar\/?p=4623"},"modified":"2026-09-06T03:15:29","modified_gmt":"2026-09-06T03:15:29","slug":"arte-en-conexion-y-un-homenaje-al-indio","status":"publish","type":"post","link":"https:\/\/fmlibertadfeliciano.com.ar\/?p=4623","title":{"rendered":"Arte en Conexi\u00f3n y un homenaje al Indio"},"content":{"rendered":"<p>\u200b\u00a0<\/p>\n<p>\u200b\u00a0<\/p>\n<p>\u200b<span class=\"cb-itemprop\"><\/span><\/p>\n<p>\u00a0<\/p>\n<p>El Ciclo \u201cArte en Conexi\u00f3n\u201d, que se desarrolla en el Domo 360\u00ba del Mirador TEC, en Paran\u00e1, tendr\u00e1 su 6\u00ba fecha del a\u00f1o con una propuesta especial. Ser\u00e1 el viernes 18, a las 20,30, con un Homenaje al Indio Solari, a cargo en esta oportunidad de Scaramanzia y su Danza; y la banda Las Ricoteras.<\/p>\n<p>La propuesta es organizada por la Universidad Aut\u00f3noma de Entre R\u00edos (Uader), a trav\u00e9s del Departamento Cultura de la Secretar\u00eda de Integraci\u00f3n y Cooperaci\u00f3n; y el Gobierno de Entre R\u00edos, a trav\u00e9s de la Secretar\u00eda de Modernizaci\u00f3n, Ciencia, Tecnolog\u00eda e Innovaci\u00f3n.<\/p>\n<p>Esta fecha de septiembre surge a partir de una convocatoria que se realiz\u00f3 para homenajear a la figura de Carlos Solari, fallecido en junio pasado; y a la denominada \u201ccultura ricotera\u201d. En adelante, se programar\u00e1n nuevas fechas contemplando a otras expresiones art\u00edsticas que se postularon.<\/p>\n<p>\u201cLa cultura ricotera es un fen\u00f3meno social surgido en Argentina, a partir de la banda de rock Patricio Rey y sus Redonditos de Ricota; que se caracteriza por un conjunto de valores, actitudes, s\u00edmbolos y formas expresivas que reflejan una identidad propia y un esp\u00edritu de resistencia\u201d, manifestaron desde la organizaci\u00f3n.<\/p>\n<p>En este sentido, a\u00f1adieron que \u201cde todo lo que implica la cultura ricotera, queremos resaltar en este homenaje la m\u00fasica y la est\u00e9tica\u201d. Para ello, en la presentaci\u00f3n compartir\u00e1n el escenario en simult\u00e1neo los dos proyectos art\u00edsticos mencionados, conjugando la danza de estilo tribal fusi\u00f3n y el rock.<\/p>\n<p>La cita es en el Domo 360\u00ba del Mirador TEC, ubicado en el Parque Tecnol\u00f3gico, dentro del predio del Centro Provincial de Convenciones. El ingreso es libre, por orden de llegada (sala con capacidad limitada). Se solicitar\u00e1 un aporte voluntario para colaborar con los artistas, mediante transferencia digital.<\/p>\n<p>El Domo inmersivo cuenta con sistema de proyecci\u00f3n 3D, mapping interactivo y sonido especializado, lo cual permite crear un escenario perfecto para incentivos creativos y constituye un espacio para reconocer y valorar el quehacer art\u00edstico de la provincia.<\/p>\n<p>\u00a0<\/p>\n<p><strong>Scaramanzia y su Danza<\/strong><\/p>\n<p>Grupo integrado por Andrea Chappuis, Clarisa Cointry, Juliana Bastida, Marina Veloz y Florencia Cointry. Abordan el Tribal Fusi\u00f3n, un estilo contempor\u00e1neo y vanguardista que surge de la combinaci\u00f3n creativa entre la danza del vientre tradicional y una variedad de influencias culturales, musicales y art\u00edsticas. Este estilo naci\u00f3 en las \u00faltimas d\u00e9cadas en Estados Unidos, como una evoluci\u00f3n del FatChance Bellydance.<\/p>\n<p>Lo que distingue al Tribal Fusi\u00f3n es su est\u00e9tica alternativa y su enfoque en movimientos hipn\u00f3ticos, din\u00e1micos y a menudo improvisados, que invitan a la audiencia a sumergirse en un espect\u00e1culo de sensaciones visuales y sonoras. La vestimenta t\u00edpica suele incluir accesorios y prendas con un estilo bohemio, \u00e9tnico y vanguardista, con patrones geom\u00e9tricos, bordados, cuentas, plumas y metales, que reflejan su car\u00e1cter experimental y multicultural.<\/p>\n<p>En cuanto a la m\u00fasica, el Tribal Fusi\u00f3n se caracteriza por su eclecticismo: se baila con una amplia gama de g\u00e9neros musicales modernos, como la m\u00fasica electr\u00f3nica, ritmos industriales, m\u00fasica balc\u00e1nica, fusiones folcl\u00f3ricas modernas, rock alternativo, y otros g\u00e9neros que aportan energ\u00eda y una est\u00e9tica sonora vanguardista. Esta diversidad musical permite a los bailarines explorar diferentes estados de \u00e1nimo, ritmos y texturas, adapt\u00e1ndose a distintas expresiones art\u00edsticas y tem\u00e1ticas.<\/p>\n<p>\u00a0<\/p>\n<p><strong>Las Ricoteras<\/strong><\/p>\n<p>Banda conformada mayormente por mujeres, de variadas edades, estudiantes, profesionales y trabajadoras que comparten la pasi\u00f3n por la obra del Indio Solari: Camila Ramira (bater\u00eda), Sof\u00eda Silva (bajo y voz), Carola Aramburu (voz y coros), Romina Gonz\u00e1lez (guitarra y voz), Alex Tallone (guitarra) y Lautaro Rodr\u00edguez (saxo).<\/p>\n<p>Pertenecen a distintas bandas y se unen para hacer repertorios ricoteros, de modo tal que aportan a la difusi\u00f3n de la obra de una de las figuras m\u00e1s trascendentes de la cultura popular argentina; una obra que, en el decir del grupo, \u201ces inmensa y logr\u00f3 emocionar, interpelar y reunir a generaciones enteras alrededor de la m\u00fasica, la poes\u00eda y las ideas\u201d.<\/p>\n<p>\u00a0<\/p>\n<p>De la Redacci\u00f3n de Entre R\u00edos Ahora<\/p>\n<p>\u00a0<\/p>\n<p>\u00a0\u00a0 El Ciclo \u201cArte en Conexi\u00f3n\u201d, que se desarrolla en el Domo 360\u00ba del Mirador TEC, en Paran\u00e1, tendr\u00e1 su 6\u00ba fecha del a\u00f1o con una propuesta especial. Ser\u00e1 el viernes 18, a las 20,30, con un Homenaje al Indio Solari, a cargo en esta oportunidad de Scaramanzia y su Danza; y la banda Las<\/p>","protected":false},"excerpt":{"rendered":"<div class=\"mh-excerpt\"><p>\u200b\u00a0 \u200b\u00a0 \u200b \u00a0 El Ciclo \u201cArte en Conexi\u00f3n\u201d, que se desarrolla en el Domo 360\u00ba del Mirador TEC, en Paran\u00e1, tendr\u00e1 su 6\u00ba fecha <a class=\"mh-excerpt-more\" href=\"https:\/\/fmlibertadfeliciano.com.ar\/?p=4623\" title=\"Arte en Conexi\u00f3n y un homenaje al Indio\">[&#8230;]<\/a><\/p>\n<\/div>","protected":false},"author":1,"featured_media":0,"comment_status":"open","ping_status":"open","sticky":false,"template":"","format":"standard","meta":{"footnotes":""},"categories":[1],"tags":[],"class_list":["post-4623","post","type-post","status-publish","format-standard","hentry","category-sin-categoria"],"_links":{"self":[{"href":"https:\/\/fmlibertadfeliciano.com.ar\/index.php?rest_route=\/wp\/v2\/posts\/4623","targetHints":{"allow":["GET"]}}],"collection":[{"href":"https:\/\/fmlibertadfeliciano.com.ar\/index.php?rest_route=\/wp\/v2\/posts"}],"about":[{"href":"https:\/\/fmlibertadfeliciano.com.ar\/index.php?rest_route=\/wp\/v2\/types\/post"}],"author":[{"embeddable":true,"href":"https:\/\/fmlibertadfeliciano.com.ar\/index.php?rest_route=\/wp\/v2\/users\/1"}],"replies":[{"embeddable":true,"href":"https:\/\/fmlibertadfeliciano.com.ar\/index.php?rest_route=%2Fwp%2Fv2%2Fcomments&post=4623"}],"version-history":[{"count":0,"href":"https:\/\/fmlibertadfeliciano.com.ar\/index.php?rest_route=\/wp\/v2\/posts\/4623\/revisions"}],"wp:attachment":[{"href":"https:\/\/fmlibertadfeliciano.com.ar\/index.php?rest_route=%2Fwp%2Fv2%2Fmedia&parent=4623"}],"wp:term":[{"taxonomy":"category","embeddable":true,"href":"https:\/\/fmlibertadfeliciano.com.ar\/index.php?rest_route=%2Fwp%2Fv2%2Fcategories&post=4623"},{"taxonomy":"post_tag","embeddable":true,"href":"https:\/\/fmlibertadfeliciano.com.ar\/index.php?rest_route=%2Fwp%2Fv2%2Ftags&post=4623"}],"curies":[{"name":"wp","href":"https:\/\/api.w.org\/{rel}","templated":true}]}}